{"id":63690,"date":"2018-03-28T00:00:00","date_gmt":"2018-03-28T06:00:00","guid":{"rendered":"https:\/\/dralvarez.com.mx\/larevista\/blog\/edgar-hernandez-encabeza-importantes-acuerdos-en-la-30a-sesion-de-cabildo-23469"},"modified":"2018-03-28T00:00:00","modified_gmt":"2018-03-28T06:00:00","slug":"edgar-hernandez-encabeza-importantes-acuerdos-en-la-30a-sesion-de-cabildo-23469","status":"publish","type":"post","link":"https:\/\/dralvarez.com.mx\/larevista\/compeche\/edgar-hernandez-encabeza-importantes-acuerdos-en-la-30a-sesion-de-cabildo-23469","title":{"rendered":"Edgar Hern\u00e1ndez encabeza importantes acuerdos en la 30\u00aa Sesi\u00f3n de Cabildo"},"content":{"rendered":"<p>En el marco de la XXX Sesi\u00f3n Ordinaria de Cabildo, encabezada por el alcalde Edgar Hern\u00e1ndez Hern\u00e1ndez, Regidores y S\u00edndicos aprobaron diversos acuerdos, entre ellos la integraci\u00f3n del Cabildo Infantil 2018 en Sesi\u00f3n Solemne de Cabildo.<\/p>\n<p>En la Sala de Cabildos \u201c4 de Octubre\u201d, luego del pase de lista y verificada la existencia de qu\u00f3rum, Hern\u00e1ndez Hern\u00e1ndez declar\u00f3 abierta la sesi\u00f3n y enseguida se aprobaron las actas correspondientes a la XXIX Sesi\u00f3n Ordinaria de Cabildo.<\/p>\n<p>Por unanimidad el Cabildo aprob\u00f3 los dict\u00e1menes de pensiones y jubilaciones emitidos por la Unidad de Administraci\u00f3n y Calidad, y tambi\u00e9n un\u00e1nimemente aprob\u00f3 el acuerdo por el cual se aprueba la integraci\u00f3n del \u201cCabildo Infantil 2018\u201d, en Sesi\u00f3n Solemne de Cabildo, conforme al proceso de selecci\u00f3n que realice el Sistema para el Desarrollo Integral de la Familia del Municipio de Campeche, la Secretar\u00eda de Educaci\u00f3n del Estado a trav\u00e9s de la Subsecretar\u00eda de Educaci\u00f3n B\u00e1sica, y el Consejo Nacional de Fomento Educativo.<\/p>\n<p>En la sesi\u00f3n se aprob\u00f3 el acuerdo relativo a la iniciativa para adicionar el cap\u00edtulo XV ter denominado \u201cDel Centro de Conciliaci\u00f3n Laboral del Estado de Campeche\u201d con un art\u00edculo 76 ter y un p\u00e1rrafo cuarto al art\u00edculo 85 de la Constituci\u00f3n Pol\u00edtica del Estado de Campeche.<\/p>\n<p>Tambi\u00e9n por unanimidad fueron aprobados los acuerdos: Disposiciones y el Manual Administrativo de aplicaci\u00f3n general en materia de Control Interno para el Municipio de Campeche, y el instructivo de llenado y los formatos de Entrega \u2013 Recepci\u00f3n del Manual que Regula los Procedimientos para la Entrega \u2013 Recepci\u00f3n del Ayuntamiento y la Administraci\u00f3n P\u00fablica Municipal de Campeche.<\/p>\n<p>Los cabildantes aprobaron por unanimidad autorizar al Presidente Municipal aplicar el Programa de Regularizaci\u00f3n de la Tenencia de la Tierra en las colonias Miguel Hidalgo, San Joaqu\u00edn, Kanist\u00e9, San Antonio, Bellavista y la Unidad Habitacional \u201cH\u00e9roes de Chapultepec\u201d de esta ciudad, para enajenar a favor de los actuales posesionarios actuales lotes de terreno de propiedad municipal.<\/p>\n<p>De igual forma fueron aprobadas un\u00e1nimemente los acuerdos relativos a la solicitud de licencia temporal de los regidores Laura Elena Hern\u00e1ndez Pacheco y Jorge Jes\u00fas Ortega P\u00e9rez, para separarse provisionalmente del cargo de Tercer y Cuarto Regidor Propietario, respectivamente.<\/p>\n<p>En tanto, por unanimidad se aprob\u00f3 la solicitud de licencia temporal del ciudadano Tereso Leal Palafox, para separarse provisionalmente del cargo de Agente Municipal de la localidad de los Laureles del Municipio de Campeche, y en su lugar fue aprobada la propuesta para que la C. Luc\u00eda Ram\u00edrez Dom\u00ednguez asuma el cargo, y le fue tomada la protesta de ley en el acto.<\/p>\n","protected":false},"excerpt":{"rendered":"<p>Ayuntamiento de Campeche.<\/p>\n","protected":false},"author":1018,"featured_media":0,"comment_status":"open","ping_status":"open","sticky":false,"template":"","format":"standard","meta":{"tdm_status":"","tdm_grid_status":"","footnotes":""},"categories":[27],"tags":[],"_links":{"self":[{"href":"https:\/\/dralvarez.com.mx\/larevista\/wp-json\/wp\/v2\/posts\/63690"}],"collection":[{"href":"https:\/\/dralvarez.com.mx\/larevista\/wp-json\/wp\/v2\/posts"}],"about":[{"href":"https:\/\/dralvarez.com.mx\/larevista\/wp-json\/wp\/v2\/types\/post"}],"author":[{"embeddable":true,"href":"https:\/\/dralvarez.com.mx\/larevista\/wp-json\/wp\/v2\/users\/1018"}],"replies":[{"embeddable":true,"href":"https:\/\/dralvarez.com.mx\/larevista\/wp-json\/wp\/v2\/comments?post=63690"}],"version-history":[{"count":0,"href":"https:\/\/dralvarez.com.mx\/larevista\/wp-json\/wp\/v2\/posts\/63690\/revisions"}],"wp:attachment":[{"href":"https:\/\/dralvarez.com.mx\/larevista\/wp-json\/wp\/v2\/media?parent=63690"}],"wp:term":[{"taxonomy":"category","embeddable":true,"href":"https:\/\/dralvarez.com.mx\/larevista\/wp-json\/wp\/v2\/categories?post=63690"},{"taxonomy":"post_tag","embeddable":true,"href":"https:\/\/dralvarez.com.mx\/larevista\/wp-json\/wp\/v2\/tags?post=63690"}],"curies":[{"name":"wp","href":"https:\/\/api.w.org\/{rel}","templated":true}]}}