{"id":63644,"date":"2018-03-27T00:00:00","date_gmt":"2018-03-27T06:00:00","guid":{"rendered":"https:\/\/dralvarez.com.mx\/larevista\/blog\/secont-invita-a-participar-en-el-concurso-transparencia-en-corto-23420"},"modified":"2018-03-27T00:00:00","modified_gmt":"2018-03-27T06:00:00","slug":"secont-invita-a-participar-en-el-concurso-transparencia-en-corto-23420","status":"publish","type":"post","link":"https:\/\/dralvarez.com.mx\/larevista\/compeche\/secont-invita-a-participar-en-el-concurso-transparencia-en-corto-23420","title":{"rendered":"SECONT invita a participar en el concurso \u201cTransparencia en corto\u201d"},"content":{"rendered":"<p>Con el objetivo de brindar un espacio de expresi\u00f3n, que promueva la participaci\u00f3n activa de los j\u00f3venes en la cultura de la transparencia y rendici\u00f3n de cuentas, como mecanismos de combate a la corrupci\u00f3n, la Secretar\u00eda de la Contralor\u00eda del Estado de Campeche (SECONT) invita a todos los campechanos de 16 a 25 a\u00f1os de edad a participar en el XIII Concurso Nacional Transparencia en Corto 2018.<\/p>\n<p>La convocatoria, que fue lanzada por la Secretar\u00eda de la Funci\u00f3n P\u00fablica (SFP) y la Comisi\u00f3n Permanente de Contralores Estados\u2013Federaci\u00f3n (CPCE-F), consiste en la realizaci\u00f3n de un cortometraje que refleje la participaci\u00f3n ciudadana en acciones a favor de la legalidad y la transparencia.<\/p>\n<p>El tema de la XIII edici\u00f3n es \u201cAcciones ciudadanas a favor de la legalidad y la transparencia\u201d; y busca impulsar la creatividad, inter\u00e9s e iniciativa de los participantes, mediante la realizaci\u00f3n de un cortometraje de hasta 90 segundos de duraci\u00f3n.<\/p>\n<p>Los primeros tres lugares ser\u00e1n acreedores a 50 mil, 40 mil y 30 mil pesos, respectivamente; un reconocimiento y un taller de cinematograf\u00eda, impartido por expertos en la materia.<\/p>\n<p>Los interesados deber\u00e1n entregar sus trabajos en las oficinas de los \u00d3rganos Estatales de Control, y a trav\u00e9s de la p\u00e1gina <a target=\"_blank\" rel=\"nofollow noopener\" href=\"http:\/\/comisioncontralores.gob.mx\">http:\/\/comisioncontralores.gob.mx<\/a> a m\u00e1s tardar el 21 de septiembre de 2018. Los resultados se dar\u00e1n a conocer el 25 de octubre a trav\u00e9s de la p\u00e1gina de internet y las redes sociales de la CPCE-F: @ContraloresMX en Twitter y Comisi\u00f3n Permanente de Contralores en Facebook.<\/p>\n<p>El jurado calificador del Concurso est\u00e1 integrado por el Festival Internacional de Cine de Guanajuato, el Instituto Mexicano de Cinematograf\u00eda (IMCINE) y la organizaci\u00f3n Gesti\u00f3n Social y Cooperaci\u00f3n, A.C. (GESOC).<\/p>\n<p>Cabe se\u00f1alar que el concurso es parte de las actividades previstas en el Plan Anual de Trabajo 2018 de la CPCE-F, correspondientes a la L\u00ednea de Acci\u00f3n I: Transparencia, Proyecto 2: Implementaci\u00f3n de acciones de transparencia con la participaci\u00f3n de la sociedad civil.<\/p>\n","protected":false},"excerpt":{"rendered":"<p>Con el objetivo de brindar un espacio de expresi\u00f3n.<\/p>\n","protected":false},"author":1018,"featured_media":0,"comment_status":"open","ping_status":"open","sticky":false,"template":"","format":"standard","meta":{"tdm_status":"","tdm_grid_status":"","footnotes":""},"categories":[27],"tags":[],"_links":{"self":[{"href":"https:\/\/dralvarez.com.mx\/larevista\/wp-json\/wp\/v2\/posts\/63644"}],"collection":[{"href":"https:\/\/dralvarez.com.mx\/larevista\/wp-json\/wp\/v2\/posts"}],"about":[{"href":"https:\/\/dralvarez.com.mx\/larevista\/wp-json\/wp\/v2\/types\/post"}],"author":[{"embeddable":true,"href":"https:\/\/dralvarez.com.mx\/larevista\/wp-json\/wp\/v2\/users\/1018"}],"replies":[{"embeddable":true,"href":"https:\/\/dralvarez.com.mx\/larevista\/wp-json\/wp\/v2\/comments?post=63644"}],"version-history":[{"count":0,"href":"https:\/\/dralvarez.com.mx\/larevista\/wp-json\/wp\/v2\/posts\/63644\/revisions"}],"wp:attachment":[{"href":"https:\/\/dralvarez.com.mx\/larevista\/wp-json\/wp\/v2\/media?parent=63644"}],"wp:term":[{"taxonomy":"category","embeddable":true,"href":"https:\/\/dralvarez.com.mx\/larevista\/wp-json\/wp\/v2\/categories?post=63644"},{"taxonomy":"post_tag","embeddable":true,"href":"https:\/\/dralvarez.com.mx\/larevista\/wp-json\/wp\/v2\/tags?post=63644"}],"curies":[{"name":"wp","href":"https:\/\/api.w.org\/{rel}","templated":true}]}}