{"id":63641,"date":"2018-03-27T00:00:00","date_gmt":"2018-03-27T06:00:00","guid":{"rendered":"https:\/\/dralvarez.com.mx\/larevista\/blog\/alcalde-ehh-inaugura-reconstruccion-de-la-calle-13-de-samula-23416"},"modified":"2018-03-27T00:00:00","modified_gmt":"2018-03-27T06:00:00","slug":"alcalde-ehh-inaugura-reconstruccion-de-la-calle-13-de-samula-23416","status":"publish","type":"post","link":"https:\/\/dralvarez.com.mx\/larevista\/compeche\/alcalde-ehh-inaugura-reconstruccion-de-la-calle-13-de-samula-23416","title":{"rendered":"Alcalde EHH inaugura reconstrucci\u00f3n de la calle 13 de Samul\u00e1"},"content":{"rendered":"<\/p>\n<p>Al inaugurar la<br \/>\nreconstrucci\u00f3n de la calle 13 de la comunidad de Samul\u00e1, obra en la que el<br \/>\nAyuntamiento de Campeche, a trav\u00e9s de la Unidad de Obras P\u00fablicas destin\u00f3 una<br \/>\ninversi\u00f3n de 1.4 millones de pesos, el alcalde Edgar Hern\u00e1ndez Hern\u00e1ndez exhort\u00f3<br \/>\na cuidar la obra p\u00fablica que se construye porque son para beneficio de las<br \/>\nfamilias campechanas.<\/p>\n<p>Acompa\u00f1ado de la<br \/>\nComisaria Municipal de Samul\u00e1, Mar\u00eda Isabel Peralta, del titular de la Unidad<br \/>\nde Obras P\u00fablicas, Felipe Jim\u00e9nez Silva, titulares de Unidades Administrativas,<br \/>\nRegidores y S\u00edndicos, y vecinos de la calle 13 entre calles 8 y 10, el<br \/>\nPresidente Municipal de Campeche cort\u00f3 el list\u00f3n inaugural.<\/p>\n<p>Hern\u00e1ndez Hern\u00e1ndez<br \/>\ndestac\u00f3 el car\u00e1cter integral de las calles que el Ayuntamiento de Campeche<br \/>\nreconstruye actualmente, \u201cse hace un gran esfuerzo para ir avanzando en la<br \/>\natenci\u00f3n de los servicios p\u00fablicos y de la obra p\u00fablica, por eso les pedimos a<br \/>\nlos vecinos que nos ayuden a conservar esta infraestructura urbana que se hace<br \/>\npara ustedes y para beneficio de sus familias y de todos los ciudadanos, por<br \/>\neso debemos cuidarlas entre todos\u201d.<\/p>\n<p>\u201cSeguimos trabajando en<br \/>\nla recuperaci\u00f3n de nuestras vialidades, las estamos reconstruyendo ahora de<br \/>\nmanera integral, no solo recuperamos la carpeta con concreto hidr\u00e1ulico, que es<br \/>\nun material de mayor duraci\u00f3n sino que tambi\u00e9n cambiamos las tomas<br \/>\ndomiciliarias de agua potable, la red de distribuci\u00f3n y sobre todo nivelamos<br \/>\nlas calles para que el agua no se acumule en ning\u00fan espacio de ella y corra<br \/>\ndirectamente a las alcantarillas y sean desalojados para el tiempo de las<br \/>\nprecipitaciones pluviales\u201d, subray\u00f3.<\/p>\n<p>Felipe Jim\u00e9nez Silva,<br \/>\ntitular de la unidad de Oras P\u00fablicas, explic\u00f3 que la reconstrucci\u00f3n de la<br \/>\ncalle 13 entre calles 8 y 10 de Samul\u00e1, se realiz\u00f3 con recursos del Ramo 23,<br \/>\nFortafin, con una inversi\u00f3n de 1 mill\u00f3n 413 mil 594 pesos.<\/p>\n<p>Dijo que los trabajos<br \/>\nconsistieron en la construcci\u00f3n de 901 metros cuadrados de concreto hidr\u00e1ulico<br \/>\nde 17 cent\u00edmetros; construcci\u00f3n de 292 metros lineales de guarniciones;<br \/>\nconstrucci\u00f3n de 327.56 metros cuadrados de piso de banqueta de 8 cm.<\/p>\n<p>Y destac\u00f3 que en<br \/>\ncoordinaci\u00f3n con el Sistema Municipal de Agua Potable y Alcantarillado de<br \/>\nCampeche, se realiz\u00f3 la reconstrucci\u00f3n de red de agua potable en este tramo,<br \/>\nque const\u00f3 de 146 metros lineales de tuber\u00eda de 4 pulgadas, 15 piezas de tomas<br \/>\ndomiciliarias y 15 cajas para llave de banqueta.<\/p><\/p>\n","protected":false},"excerpt":{"rendered":"<p>Obra en la que el Ayuntamiento de Campeche destin\u00f3 una inversi\u00f3n de 1.4 millones de pesos.<\/p>\n","protected":false},"author":1018,"featured_media":0,"comment_status":"open","ping_status":"open","sticky":false,"template":"","format":"standard","meta":{"tdm_status":"","tdm_grid_status":"","footnotes":""},"categories":[27],"tags":[],"_links":{"self":[{"href":"https:\/\/dralvarez.com.mx\/larevista\/wp-json\/wp\/v2\/posts\/63641"}],"collection":[{"href":"https:\/\/dralvarez.com.mx\/larevista\/wp-json\/wp\/v2\/posts"}],"about":[{"href":"https:\/\/dralvarez.com.mx\/larevista\/wp-json\/wp\/v2\/types\/post"}],"author":[{"embeddable":true,"href":"https:\/\/dralvarez.com.mx\/larevista\/wp-json\/wp\/v2\/users\/1018"}],"replies":[{"embeddable":true,"href":"https:\/\/dralvarez.com.mx\/larevista\/wp-json\/wp\/v2\/comments?post=63641"}],"version-history":[{"count":0,"href":"https:\/\/dralvarez.com.mx\/larevista\/wp-json\/wp\/v2\/posts\/63641\/revisions"}],"wp:attachment":[{"href":"https:\/\/dralvarez.com.mx\/larevista\/wp-json\/wp\/v2\/media?parent=63641"}],"wp:term":[{"taxonomy":"category","embeddable":true,"href":"https:\/\/dralvarez.com.mx\/larevista\/wp-json\/wp\/v2\/categories?post=63641"},{"taxonomy":"post_tag","embeddable":true,"href":"https:\/\/dralvarez.com.mx\/larevista\/wp-json\/wp\/v2\/tags?post=63641"}],"curies":[{"name":"wp","href":"https:\/\/api.w.org\/{rel}","templated":true}]}}