{"id":63638,"date":"2018-03-27T00:00:00","date_gmt":"2018-03-27T06:00:00","guid":{"rendered":"https:\/\/dralvarez.com.mx\/larevista\/blog\/alcalde-ehh-inaugura-reconstruccion-de-la-calle-13-de-samula-y-avenida-del-duque-23413"},"modified":"2018-03-27T00:00:00","modified_gmt":"2018-03-27T06:00:00","slug":"alcalde-ehh-inaugura-reconstruccion-de-la-calle-13-de-samula-y-avenida-del-duque-23413","status":"publish","type":"post","link":"https:\/\/dralvarez.com.mx\/larevista\/compeche\/alcalde-ehh-inaugura-reconstruccion-de-la-calle-13-de-samula-y-avenida-del-duque-23413","title":{"rendered":"Alcalde EHH inaugura reconstrucci\u00f3n de la calle 13 de Samul\u00e1 y Avenida del Duque"},"content":{"rendered":"<\/p>\n<p>Al inaugurar la<br \/>\nreconstrucci\u00f3n de la calle 13 de la comunidad de Samul\u00e1 y la Avenida del Duque<br \/>\nen Lomas del Pedregal, obras en la que el Ayuntamiento de Campeche, a trav\u00e9s de<br \/>\nla Unidad de Obras P\u00fablicas destin\u00f3 una inversi\u00f3n de 5.8 millones de pesos, el<br \/>\nalcalde Edgar Hern\u00e1ndez Hern\u00e1ndez exhort\u00f3 a cuidar la obra p\u00fablica que se<br \/>\nconstruye porque son para beneficio de las familias campechanas.<\/p>\n<p>Acompa\u00f1ado de la Comisaria<br \/>\nMunicipal de Samul\u00e1, Mar\u00eda Isabel Peralta, del titular de la Unidad de Obras<br \/>\nP\u00fablicas, Felipe Jim\u00e9nez Silva, titulares de Unidades Administrativas,<br \/>\nRegidores y S\u00edndicos, y vecinos de la calle 13 entre calles 8 y 10, el<br \/>\nPresidente Municipal de Campeche cort\u00f3 el list\u00f3n inaugural.<\/p>\n<p>Hern\u00e1ndez Hern\u00e1ndez<br \/>\ndestac\u00f3 el car\u00e1cter integral de las calles que el Ayuntamiento de Campeche<br \/>\nreconstruye actualmente, \u201cse hace un gran esfuerzo para ir avanzando en la<br \/>\natenci\u00f3n de los servicios p\u00fablicos y de la obra p\u00fablica, por eso les pedimos a<br \/>\nlos vecinos que nos ayuden a conservar esta infraestructura urbana que se hace<br \/>\npara ustedes y para beneficio de sus familias y de todos los ciudadanos, por<br \/>\neso debemos cuidarlas entre todos\u201d.<\/p>\n<p>\u201cSeguimos trabajando en<br \/>\nla recuperaci\u00f3n de nuestras vialidades, las estamos reconstruyendo ahora de<br \/>\nmanera integral, no solo recuperamos la carpeta con concreto hidr\u00e1ulico, que es<br \/>\nun material de mayor duraci\u00f3n sino que tambi\u00e9n cambiamos las tomas<br \/>\ndomiciliarias de agua potable, la red de distribuci\u00f3n y sobre todo nivelamos<br \/>\nlas calles para que el agua no se acumule en ning\u00fan espacio de ella y corra<br \/>\ndirectamente a las alcantarillas y sean desalojados para el tiempo de las<br \/>\nprecipitaciones pluviales\u201d, subray\u00f3.<\/p>\n<p>Felipe Jim\u00e9nez Silva,<br \/>\ntitular de la unidad de Obras P\u00fablicas, explic\u00f3 que la reconstrucci\u00f3n de la<br \/>\ncalle 13 entre calles 8 y 10 de Samul\u00e1, se realiz\u00f3 con recursos del Ramo 23,<br \/>\nFortafin, con una inversi\u00f3n de 1 mill\u00f3n 413 mil 594 pesos.<\/p>\n<p>Dijo que los trabajos<br \/>\nconsistieron en la construcci\u00f3n de 901 metros cuadrados de concreto hidr\u00e1ulico<br \/>\nde 17 cent\u00edmetros; construcci\u00f3n de 292 metros lineales de guarniciones;<br \/>\nconstrucci\u00f3n de 327.56 metros cuadrados de piso de banqueta de 8 cm.<\/p>\n<p>Y destac\u00f3 que en<br \/>\ncoordinaci\u00f3n con el Sistema Municipal de Agua Potable y Alcantarillado de<br \/>\nCampeche, se realiz\u00f3 la reconstrucci\u00f3n de red de agua potable en este tramo,<br \/>\nque const\u00f3 de 146 metros lineales de tuber\u00eda de 4 pulgadas, 15 piezas de tomas<br \/>\ndomiciliarias y 15 cajas para llave de banqueta.<\/p>\n<p>Jim\u00e9nez Silva, en la<br \/>\nAvenida del Duque de Lomas del Pedregal, se\u00f1al\u00f3 que se reconstruyeron la<br \/>\navenida del Duque entre avenida L\u00f3pez Portillo y calle Final de la Allende;<br \/>\ncalle Final de la Allende entre calle Prolongaci\u00f3n Allende y avenida del Duque;<br \/>\ncalle del Palacio entre Inicio de la calle del Palacio y avenida Del Duque, y<br \/>\ncalle Sin Nombre entre Prolongaci\u00f3n del Duque y Prolongaci\u00f3n Allende, con<br \/>\ninversi\u00f3n de 4 millones 499 mil 978 pesos, del Fondo Petrolero (Fopec).<\/p>\n<p>Abund\u00f3 que se<br \/>\nconstruyeron 152 metros cuadrados de concreto hidr\u00e1ulico, 5 mil 980 metros<br \/>\ncuadrados de concreto asf\u00e1ltico de 5 cm. de espesor, con un total de \u00e1rea de 6<br \/>\nmil 132 metros cuadrados. En obra complementaria se construyeron 390 metros<br \/>\nlineales de guarniciones, mil 645 metros cuadrados de cunetas de concreto, y<br \/>\n458 metros cuadrados de piso de concreto en banqueta.<\/p>\n<p>Y en coordinaci\u00f3n con<br \/>\nel Smapac, se realiz\u00f3 la rehabilitaci\u00f3n de la red de agua potable que consisti\u00f3<br \/>\nen la construcci\u00f3n de 290 metros lineales de red de tuber\u00eda de 4 pulgadas de<br \/>\ndi\u00e1metro; se sustituyeron 71 tomas domiciliarias y una v\u00e1lvula de compuerta de<br \/>\n4 pulgadas, en beneficio de m\u00e1s de 3 mil 500 habitantes.<\/p><\/p>\n","protected":false},"excerpt":{"rendered":"<p>Al inaugurar la reconstrucci\u00f3n de la calle 13 de la comunidad de Samul\u00e1 y la Avenida del Duque en Lomas del Pedregal.<\/p>\n","protected":false},"author":1018,"featured_media":0,"comment_status":"open","ping_status":"open","sticky":false,"template":"","format":"standard","meta":{"tdm_status":"","tdm_grid_status":"","footnotes":""},"categories":[27],"tags":[],"_links":{"self":[{"href":"https:\/\/dralvarez.com.mx\/larevista\/wp-json\/wp\/v2\/posts\/63638"}],"collection":[{"href":"https:\/\/dralvarez.com.mx\/larevista\/wp-json\/wp\/v2\/posts"}],"about":[{"href":"https:\/\/dralvarez.com.mx\/larevista\/wp-json\/wp\/v2\/types\/post"}],"author":[{"embeddable":true,"href":"https:\/\/dralvarez.com.mx\/larevista\/wp-json\/wp\/v2\/users\/1018"}],"replies":[{"embeddable":true,"href":"https:\/\/dralvarez.com.mx\/larevista\/wp-json\/wp\/v2\/comments?post=63638"}],"version-history":[{"count":0,"href":"https:\/\/dralvarez.com.mx\/larevista\/wp-json\/wp\/v2\/posts\/63638\/revisions"}],"wp:attachment":[{"href":"https:\/\/dralvarez.com.mx\/larevista\/wp-json\/wp\/v2\/media?parent=63638"}],"wp:term":[{"taxonomy":"category","embeddable":true,"href":"https:\/\/dralvarez.com.mx\/larevista\/wp-json\/wp\/v2\/categories?post=63638"},{"taxonomy":"post_tag","embeddable":true,"href":"https:\/\/dralvarez.com.mx\/larevista\/wp-json\/wp\/v2\/tags?post=63638"}],"curies":[{"name":"wp","href":"https:\/\/api.w.org\/{rel}","templated":true}]}}