{"id":63636,"date":"2018-03-27T00:00:00","date_gmt":"2018-03-27T06:00:00","guid":{"rendered":"https:\/\/dralvarez.com.mx\/larevista\/blog\/consejo-energetico-realiza-su-primera-sesion-ordinaria-23411"},"modified":"2018-03-27T00:00:00","modified_gmt":"2018-03-27T06:00:00","slug":"consejo-energetico-realiza-su-primera-sesion-ordinaria-23411","status":"publish","type":"post","link":"https:\/\/dralvarez.com.mx\/larevista\/compeche\/consejo-energetico-realiza-su-primera-sesion-ordinaria-23411","title":{"rendered":"Consejo Energ\u00e9tico realiza su primera sesi\u00f3n ordinaria"},"content":{"rendered":"<p>En el marco del Subcomit\u00e9 de Desarrollo Energ\u00e9tico del Comit\u00e9 de Planeaci\u00f3n de Desarrollo de Campeche (COPLADECAM), el Consejo de Desarrollo Energ\u00e9tico del Estado realiz\u00f3 su Primera Sesi\u00f3n Ordinaria del a\u00f1o 2018, en la que se abordaron los avances del plan de trabajo del Consejo, la viabilidad de refiner\u00edas en el Estado y el impacto ambiental por parques e\u00f3licos, entre otros temas.<\/p>\n<p>En la sesi\u00f3n, presidida por el titular de la Secretar\u00eda de Desarrollo Energ\u00e9tico Sustentable (SEDESU), Eduardo del Carmen Reyes S\u00e1nchez, se hizo una presentaci\u00f3n de los avances del plan de trabajo aprobado en el segundo semestre del 2017, que incluye el programa de entrevistas a actores del sector energ\u00e9tico del que se concluyen la necesidad de identificar proyectos relevantes a la par de la modernizaci\u00f3n, de los puertos; desarrollar empresas integradoras para servicio offshore en Carmen; terminal de l\u00edquidos y refiner\u00edas en Seybaplaya; construcci\u00f3n de plantas de generaci\u00f3n, y contar con gas natural y energ\u00edas limpias en el Estado. <\/p>\n<p>Tambi\u00e9n se inform\u00f3 a los integrantes del Consejo de los segmentos a reforzar en el Estado, tales como fortalecer el sistema de puertos para hacerlos competitivos en infraestructura, servicios, tarifas, conviviendo negocios de energ\u00eda, tur\u00edsticos y productivos; aprovechar el ducto de gas para industrializar a la Entidad, y capitalizar la vocaci\u00f3n regional para la generaci\u00f3n de energ\u00edas alternativas; asimismo, se inform\u00f3 que actualmente ya se encuentra concluido el proceso de Integraci\u00f3n de la Agencia de Energ\u00eda del Estado.<\/p>\n<p>En el marco del plan de trabajo del Consejo, igualmente se present\u00f3 la propuesta de realizar foros tem\u00e1ticos sobre aspectos estrat\u00e9gicos del sector energ\u00e9tico, manifestando los miembros del Consejo que, como parte de los temas debe abordarse el impacto ambiental de las actividades petroleras en el Estado; en el caso del sector empresarial se recalc\u00f3 la importancia de analizar a fondo c\u00f3mo opera el sistema el\u00e9ctrico de sus establecimientos y proponer estrategias alternativas que favorezcan el ahorro del consumo de energ\u00eda; as\u00ed como un foro espec\u00edfico para dar a conocer al sector hotelero y restaurantero la importancia de vincular sus actividades con el sector energ\u00e9tico.<\/p>\n<p>Durante la presente sesi\u00f3n, se inform\u00f3 al Consejo la propuesta de realizar un Congreso Hidrocarburos, que estar\u00e1 enfocado al sector energ\u00eda, petr\u00f3leo y gas para el desarrollo de relaciones de negocios, favoreciendo la procedencia local mediante encuentros de negocios con los principales personajes nacionales e internacionales en el sector y la presencia de los organismos reguladores en nuestro pa\u00eds.<\/p>\n<p>Este importante foro contar\u00e1 con alrededor de 70 expositores de 24 pa\u00edses participantes, mil 500 asistentes y una derrama econ\u00f3mica estimada de 20 millones de pesos, teniendo como fecha programada el mes de marzo de 2019; manifestando los miembros del Consejo su inter\u00e9s de participar en el mismo.<\/p>\n<p>Por otra parte, se someti\u00f3 la viabilidad de refiner\u00edas en el Estado, acordando que el Subcomit\u00e9 Especializado \u201cImpulso a la Infraestructura para la Industria Energ\u00e9tica y Desarrollo Regional\u201d, se encargar\u00e1 de generar una opini\u00f3n t\u00e9cnica en la materia, y se invitar\u00e1 a la Secretar\u00eda de Medio ambiente y Recursos Naturales de Campeche (SEMARNATCAM) y a la ONG \u201cMarea Azul\u201d para que se integren a este subcomit\u00e9, esto con la finalidad de generar una opini\u00f3n por parte del Consejo ante la relevancia del tema para nuestra Entidad.<\/p>\n<p>Tambi\u00e9n se abord\u00f3 el tema de impacto ambiental derivado de los proyectos de energ\u00eda e\u00f3lica; y luego de analizado extensamente, los miembros del Consejo de Desarrollo Energ\u00e9tico acordaron que un Subcomit\u00e9 especializado del Consejo, se encargue de analizar este tema y emitir una conclusi\u00f3n t\u00e9cnica. Se invitar\u00e1 a la Agencia de Energ\u00eda del Estado de Campeche a formar parte de este subcomit\u00e9.<\/p>\n<p>Al t\u00e9rmino de la sesi\u00f3n, el subsecretario de Vinculaci\u00f3n Interinstitucional, Manuel Jes\u00fas Pacheco Arjona, dio por clausurado los trabajos del Consejo de Desarrollo Energ\u00e9tico, al cual asistieron el Director General de la Agencia de Energ\u00eda del Estado de Campeche, Jos\u00e9 Mar\u00eda C\u00fa Ca\u00f1etas; empresarios del municipio de Carmen, representantes de dependencias y entidades estatales, as\u00ed como de Petr\u00f3leos Mexicanos (PEMEX); Instituto Mexicano del Petr\u00f3leo (IMP); Universidad Aut\u00f3noma de Carmen (UNACAR), Universidad Tecnol\u00f3gica de Campeche (UTCAM), Universidad Aut\u00f3noma de Campeche (UAC), Colegios de Ingenieros Civiles de Campeche, y del Colegio de ingenieros Mec\u00e1nicos Electricistas del Golfo.<\/p>\n","protected":false},"excerpt":{"rendered":"<p>En el marco del Subcomit\u00e9 de Desarrollo Energ\u00e9tico del Comit\u00e9 de Planeaci\u00f3n de Desarrollo de Campeche.<\/p>\n","protected":false},"author":1018,"featured_media":0,"comment_status":"open","ping_status":"open","sticky":false,"template":"","format":"standard","meta":{"tdm_status":"","tdm_grid_status":"","footnotes":""},"categories":[27],"tags":[],"_links":{"self":[{"href":"https:\/\/dralvarez.com.mx\/larevista\/wp-json\/wp\/v2\/posts\/63636"}],"collection":[{"href":"https:\/\/dralvarez.com.mx\/larevista\/wp-json\/wp\/v2\/posts"}],"about":[{"href":"https:\/\/dralvarez.com.mx\/larevista\/wp-json\/wp\/v2\/types\/post"}],"author":[{"embeddable":true,"href":"https:\/\/dralvarez.com.mx\/larevista\/wp-json\/wp\/v2\/users\/1018"}],"replies":[{"embeddable":true,"href":"https:\/\/dralvarez.com.mx\/larevista\/wp-json\/wp\/v2\/comments?post=63636"}],"version-history":[{"count":0,"href":"https:\/\/dralvarez.com.mx\/larevista\/wp-json\/wp\/v2\/posts\/63636\/revisions"}],"wp:attachment":[{"href":"https:\/\/dralvarez.com.mx\/larevista\/wp-json\/wp\/v2\/media?parent=63636"}],"wp:term":[{"taxonomy":"category","embeddable":true,"href":"https:\/\/dralvarez.com.mx\/larevista\/wp-json\/wp\/v2\/categories?post=63636"},{"taxonomy":"post_tag","embeddable":true,"href":"https:\/\/dralvarez.com.mx\/larevista\/wp-json\/wp\/v2\/tags?post=63636"}],"curies":[{"name":"wp","href":"https:\/\/api.w.org\/{rel}","templated":true}]}}