{"id":63620,"date":"2018-03-27T00:00:00","date_gmt":"2018-03-27T06:00:00","guid":{"rendered":"https:\/\/dralvarez.com.mx\/larevista\/blog\/indefos-realizo-una-gira-de-trabajo-por-candelaria-escarcega-y-calakmul-23395"},"modified":"2018-03-27T00:00:00","modified_gmt":"2018-03-27T06:00:00","slug":"indefos-realizo-una-gira-de-trabajo-por-candelaria-escarcega-y-calakmul-23395","status":"publish","type":"post","link":"https:\/\/dralvarez.com.mx\/larevista\/compeche\/indefos-realizo-una-gira-de-trabajo-por-candelaria-escarcega-y-calakmul-23395","title":{"rendered":"INDEFOS realiz\u00f3 una gira de trabajo por Candelaria, Esc\u00e1rcega y Calakmul"},"content":{"rendered":"<p>El Instituto de Desarrollo y Formaci\u00f3n Social (INDEFOS), en coordinaci\u00f3n con personal del DIF Estatal, realiz\u00f3 una gira de trabajo por Candelaria, Esc\u00e1rcega y Calakmul, donde se imparti\u00f3 el taller \u201cPrograma de Sensibilizaci\u00f3n Juntos por la Inclusi\u00f3n\u201d, dirigido a los servidores p\u00fablicos de dichos municipios. Cabe mencionar que en esta capacitaci\u00f3n se resalt\u00f3 la importancia de sensibilizar y concientizar a los servidores p\u00fablicos sobre la inclusi\u00f3n en la sociedad a personas con discapacidad, garantizando que se generen estrategias y pr\u00e1cticas adecuadas para su desenvolvimiento laboral.<\/p>\n","protected":false},"excerpt":{"rendered":"<p>Donde se imparti\u00f3 el taller \u201cPrograma de Sensibilizaci\u00f3n Juntos por la Inclusi\u00f3n\u201d.<\/p>\n","protected":false},"author":1018,"featured_media":0,"comment_status":"open","ping_status":"open","sticky":false,"template":"","format":"standard","meta":{"tdm_status":"","tdm_grid_status":"","footnotes":""},"categories":[27],"tags":[],"_links":{"self":[{"href":"https:\/\/dralvarez.com.mx\/larevista\/wp-json\/wp\/v2\/posts\/63620"}],"collection":[{"href":"https:\/\/dralvarez.com.mx\/larevista\/wp-json\/wp\/v2\/posts"}],"about":[{"href":"https:\/\/dralvarez.com.mx\/larevista\/wp-json\/wp\/v2\/types\/post"}],"author":[{"embeddable":true,"href":"https:\/\/dralvarez.com.mx\/larevista\/wp-json\/wp\/v2\/users\/1018"}],"replies":[{"embeddable":true,"href":"https:\/\/dralvarez.com.mx\/larevista\/wp-json\/wp\/v2\/comments?post=63620"}],"version-history":[{"count":0,"href":"https:\/\/dralvarez.com.mx\/larevista\/wp-json\/wp\/v2\/posts\/63620\/revisions"}],"wp:attachment":[{"href":"https:\/\/dralvarez.com.mx\/larevista\/wp-json\/wp\/v2\/media?parent=63620"}],"wp:term":[{"taxonomy":"category","embeddable":true,"href":"https:\/\/dralvarez.com.mx\/larevista\/wp-json\/wp\/v2\/categories?post=63620"},{"taxonomy":"post_tag","embeddable":true,"href":"https:\/\/dralvarez.com.mx\/larevista\/wp-json\/wp\/v2\/tags?post=63620"}],"curies":[{"name":"wp","href":"https:\/\/api.w.org\/{rel}","templated":true}]}}