{"id":63618,"date":"2018-03-27T00:00:00","date_gmt":"2018-03-27T06:00:00","guid":{"rendered":"https:\/\/dralvarez.com.mx\/larevista\/blog\/indefos-impartio-el-curso-modulo-2-23393"},"modified":"2018-03-27T00:00:00","modified_gmt":"2018-03-27T06:00:00","slug":"indefos-impartio-el-curso-modulo-2-23393","status":"publish","type":"post","link":"https:\/\/dralvarez.com.mx\/larevista\/compeche\/indefos-impartio-el-curso-modulo-2-23393","title":{"rendered":"INDEFOS imparti\u00f3 el curso \u201cM\u00f3dulo 2\u201d"},"content":{"rendered":"<p>El Instituto de Desarrollo y Formaci\u00f3n Social (INDEFOS) imparti\u00f3 el curso \u201cM\u00f3dulo 2\u201d, que comprende los temas \u201cAn\u00e1lisis del problema en la organizaci\u00f3n\u201d, \u201cToma de decisiones\u201d y \u201cCalidad en el servicio p\u00fablico\u201d, orientado a personal del Ayuntamiento de Champot\u00f3n, con la finalidad de identificar y practicar las herramientas de productividad ejecutiva, que les permitan realizar an\u00e1lisis de los diferentes problemas que enfrenta en su organizaci\u00f3n, as\u00ed como la metodolog\u00eda para analizar y desarrollar soluciones. Al t\u00e9rmino del evento se les motiv\u00f3 a hacer buen eso de las habilidades adquiridas.<\/p>\n","protected":false},"excerpt":{"rendered":"<p>Que comprende los temas \u201cAn\u00e1lisis del problema en la organizaci\u00f3n\u201d, \u201cToma de decisiones\u201d y \u201cCalidad en el servicio p\u00fablico\u201d.<\/p>\n","protected":false},"author":1018,"featured_media":0,"comment_status":"open","ping_status":"open","sticky":false,"template":"","format":"standard","meta":{"tdm_status":"","tdm_grid_status":"","footnotes":""},"categories":[27],"tags":[],"_links":{"self":[{"href":"https:\/\/dralvarez.com.mx\/larevista\/wp-json\/wp\/v2\/posts\/63618"}],"collection":[{"href":"https:\/\/dralvarez.com.mx\/larevista\/wp-json\/wp\/v2\/posts"}],"about":[{"href":"https:\/\/dralvarez.com.mx\/larevista\/wp-json\/wp\/v2\/types\/post"}],"author":[{"embeddable":true,"href":"https:\/\/dralvarez.com.mx\/larevista\/wp-json\/wp\/v2\/users\/1018"}],"replies":[{"embeddable":true,"href":"https:\/\/dralvarez.com.mx\/larevista\/wp-json\/wp\/v2\/comments?post=63618"}],"version-history":[{"count":0,"href":"https:\/\/dralvarez.com.mx\/larevista\/wp-json\/wp\/v2\/posts\/63618\/revisions"}],"wp:attachment":[{"href":"https:\/\/dralvarez.com.mx\/larevista\/wp-json\/wp\/v2\/media?parent=63618"}],"wp:term":[{"taxonomy":"category","embeddable":true,"href":"https:\/\/dralvarez.com.mx\/larevista\/wp-json\/wp\/v2\/categories?post=63618"},{"taxonomy":"post_tag","embeddable":true,"href":"https:\/\/dralvarez.com.mx\/larevista\/wp-json\/wp\/v2\/tags?post=63618"}],"curies":[{"name":"wp","href":"https:\/\/api.w.org\/{rel}","templated":true}]}}