{"id":63617,"date":"2018-03-27T00:00:00","date_gmt":"2018-03-27T06:00:00","guid":{"rendered":"https:\/\/dralvarez.com.mx\/larevista\/blog\/integra-seduc-con-sspcam-comites-de-vigilancia-para-reforzar-seguridad-en-escuelas-23392"},"modified":"2018-03-27T00:00:00","modified_gmt":"2018-03-27T06:00:00","slug":"integra-seduc-con-sspcam-comites-de-vigilancia-para-reforzar-seguridad-en-escuelas-23392","status":"publish","type":"post","link":"https:\/\/dralvarez.com.mx\/larevista\/compeche\/integra-seduc-con-sspcam-comites-de-vigilancia-para-reforzar-seguridad-en-escuelas-23392","title":{"rendered":"Integra SEDUC con SSPCAM comit\u00e9s de vigilancia para reforzar seguridad en escuelas"},"content":{"rendered":"<p>Para garantizar la seguridad de los centros escolares de Campeche durante el actual periodo vacacional y reforzar las acciones de vigilancia, la Secretar\u00eda de Educaci\u00f3n de Campeche (SEDUC), en coordinaci\u00f3n con la Secretar\u00eda de Seguridad P\u00fablica (SSPCAM), consolid\u00f3 la integraci\u00f3n de comit\u00e9s vecinales, que servir\u00e1n de apoyo en la vigilancia de espacios educativos, ya focalizados.<\/p>\n<p>A trav\u00e9s de esta estrategia, padres de familia que viven en las cercan\u00edas de los colegios coadyuvar\u00e1n para salvaguardar el equipamiento tecnol\u00f3gico, as\u00ed como la infraestructura escolar y evitar robos o saqueos, afirm\u00f3 el director de Educaci\u00f3n B\u00e1sica, Alejandro Cuevas L\u00f3pez, quien precis\u00f3 esta ser\u00e1 una estrategia colaborativa.<\/p>\n<p>\u201cEl trabajo de los padres de familia ser\u00e1 muy importante, es la integraci\u00f3n de comit\u00e9s que nos permitan mantener vigiladas las escuelas, y en caso de observar alguna situaci\u00f3n irregular dar aviso a las autoridades de seguridad p\u00fablica, quienes acudir\u00e1n de forma directa a realizar inspecciones de vigilancia y seguridad en los pol\u00edgonos y escuelas de mayor riesgo\u201d, se\u00f1al\u00f3.<\/p>\n<p>Cuevas L\u00f3pez precis\u00f3 que esta medida pretende promover y llevar a cabo estrategias encaminadas a la protecci\u00f3n y prevenci\u00f3n de la comunidad estudiantil, as\u00ed como de las instalaciones educativas.<\/p>\n<p>\u201cPor instrucciones del titular de la SEDUC, Ricardo Medina Farf\u00e1n, estamos generando medidas y estrategias que permitan prevenir, y evitar situaciones que pongan en riesgo el patrimonio educativo, y de la mano de la sociedad civil y de las autoridades de seguridad sin duda vamos a tener buenos resultados en beneficio de todos los estudiantes\u201d, dijo.<\/p>\n<p>El funcionario estatal detall\u00f3 que estos organismos est\u00e1n integrados por directores, docentes, padres de familia y estudiantes del nivel b\u00e1sico, que en coordinaci\u00f3n con las fortalezas de los Comit\u00e9s de Vigilancia Escolar; los Responsables de Zona, Polic\u00edas Operativos de Proximidad y Departamento de Proximidad Social, se encargar\u00e1n de cuidar y proteger los espacios de ense\u00f1anza.<\/p>\n","protected":false},"excerpt":{"rendered":"<p>Para garantizar la seguridad de los centros escolares de Campeche durante el actual periodo vacacional y reforzar las acciones de vigilancia.<\/p>\n","protected":false},"author":1018,"featured_media":0,"comment_status":"open","ping_status":"open","sticky":false,"template":"","format":"standard","meta":{"tdm_status":"","tdm_grid_status":"","footnotes":""},"categories":[27],"tags":[],"_links":{"self":[{"href":"https:\/\/dralvarez.com.mx\/larevista\/wp-json\/wp\/v2\/posts\/63617"}],"collection":[{"href":"https:\/\/dralvarez.com.mx\/larevista\/wp-json\/wp\/v2\/posts"}],"about":[{"href":"https:\/\/dralvarez.com.mx\/larevista\/wp-json\/wp\/v2\/types\/post"}],"author":[{"embeddable":true,"href":"https:\/\/dralvarez.com.mx\/larevista\/wp-json\/wp\/v2\/users\/1018"}],"replies":[{"embeddable":true,"href":"https:\/\/dralvarez.com.mx\/larevista\/wp-json\/wp\/v2\/comments?post=63617"}],"version-history":[{"count":0,"href":"https:\/\/dralvarez.com.mx\/larevista\/wp-json\/wp\/v2\/posts\/63617\/revisions"}],"wp:attachment":[{"href":"https:\/\/dralvarez.com.mx\/larevista\/wp-json\/wp\/v2\/media?parent=63617"}],"wp:term":[{"taxonomy":"category","embeddable":true,"href":"https:\/\/dralvarez.com.mx\/larevista\/wp-json\/wp\/v2\/categories?post=63617"},{"taxonomy":"post_tag","embeddable":true,"href":"https:\/\/dralvarez.com.mx\/larevista\/wp-json\/wp\/v2\/tags?post=63617"}],"curies":[{"name":"wp","href":"https:\/\/api.w.org\/{rel}","templated":true}]}}