{"id":63602,"date":"2018-03-26T00:00:00","date_gmt":"2018-03-26T06:00:00","guid":{"rendered":"https:\/\/dralvarez.com.mx\/larevista\/blog\/imparten-curso-adquiriendo-herramientas-para-prevenir-la-violencia-generada-por-el-desgaste-laboral-23377"},"modified":"2018-03-26T00:00:00","modified_gmt":"2018-03-26T06:00:00","slug":"imparten-curso-adquiriendo-herramientas-para-prevenir-la-violencia-generada-por-el-desgaste-laboral-23377","status":"publish","type":"post","link":"https:\/\/dralvarez.com.mx\/larevista\/compeche\/imparten-curso-adquiriendo-herramientas-para-prevenir-la-violencia-generada-por-el-desgaste-laboral-23377","title":{"rendered":"Imparten curso \u201cAdquiriendo herramientas para prevenir la violencia generada por el desgaste laboral\u201d"},"content":{"rendered":"<p>El personal de la Procuradur\u00eda de Protecci\u00f3n de Ni\u00f1as, Ni\u00f1os y Adolescentes (PNNA) del Sistema Estatal para el Desarrollo Integral de la Familia (DIF) particip\u00f3 en el curso \u201cAdquiriendo herramientas para prevenir la violencia generada por el desgaste laboral\u201d, el cual tiene como objetivo otorgar las herramientas necesarias para evitar el desgaste profesional ante el impacto de la violencia de los casos atendidos. Asimismo, a trav\u00e9s de entrevistas individuales se hizo un diagn\u00f3stico personal para determinar si existe la necesidad de atenci\u00f3n psicol\u00f3gica para mejorar el posible desgaste laboral a consecuencia del impacto de los casos que se atienden diariamente en la instituci\u00f3n.<\/p>\n<p>A nombre de la Presidenta del Patronato del DIF Estatal, Christelle Casta\u00f1\u00f3n de Moreno, la Procuradora de Protecci\u00f3n a Ni\u00f1as, Ni\u00f1os y Adolescentes, Teresita Rodr\u00edguez Ch\u00ed, exhort\u00f3 a los participantes que identifiquen y apliquen las herramientas necesarias para la fortalecer la intervenci\u00f3n integral a NNA y sus cuidadores desde la responsabilidad de autocuidado de su salud mental, apeg\u00e1ndose al marco de respeto a los derechos humanos. Acompa\u00f1\u00f3 a la Procuradora, la Subdirectora de Atenci\u00f3n Psicosocial a Ni\u00f1as, Ni\u00f1os y Adolescentes, Eloisa Gallardo Gomar.<\/p>\n<p><\/p>\n","protected":false},"excerpt":{"rendered":"<p>Procuradur\u00eda de Protecci\u00f3n de Ni\u00f1as, Ni\u00f1os y Adolescentes (PNNA) del Sistema Estatal para el Desarrollo Integral de la Familia (DIF).<\/p>\n","protected":false},"author":1018,"featured_media":0,"comment_status":"open","ping_status":"open","sticky":false,"template":"","format":"standard","meta":{"tdm_status":"","tdm_grid_status":"","footnotes":""},"categories":[27],"tags":[],"_links":{"self":[{"href":"https:\/\/dralvarez.com.mx\/larevista\/wp-json\/wp\/v2\/posts\/63602"}],"collection":[{"href":"https:\/\/dralvarez.com.mx\/larevista\/wp-json\/wp\/v2\/posts"}],"about":[{"href":"https:\/\/dralvarez.com.mx\/larevista\/wp-json\/wp\/v2\/types\/post"}],"author":[{"embeddable":true,"href":"https:\/\/dralvarez.com.mx\/larevista\/wp-json\/wp\/v2\/users\/1018"}],"replies":[{"embeddable":true,"href":"https:\/\/dralvarez.com.mx\/larevista\/wp-json\/wp\/v2\/comments?post=63602"}],"version-history":[{"count":0,"href":"https:\/\/dralvarez.com.mx\/larevista\/wp-json\/wp\/v2\/posts\/63602\/revisions"}],"wp:attachment":[{"href":"https:\/\/dralvarez.com.mx\/larevista\/wp-json\/wp\/v2\/media?parent=63602"}],"wp:term":[{"taxonomy":"category","embeddable":true,"href":"https:\/\/dralvarez.com.mx\/larevista\/wp-json\/wp\/v2\/categories?post=63602"},{"taxonomy":"post_tag","embeddable":true,"href":"https:\/\/dralvarez.com.mx\/larevista\/wp-json\/wp\/v2\/tags?post=63602"}],"curies":[{"name":"wp","href":"https:\/\/api.w.org\/{rel}","templated":true}]}}