{"id":63595,"date":"2018-03-26T00:00:00","date_gmt":"2018-03-26T06:00:00","guid":{"rendered":"https:\/\/dralvarez.com.mx\/larevista\/blog\/presentan-revista-lienzo-en-las-juntas-municipales-de-tixmucuy-y-alfredo-v-bonfil-23370"},"modified":"2018-03-26T00:00:00","modified_gmt":"2018-03-26T06:00:00","slug":"presentan-revista-lienzo-en-las-juntas-municipales-de-tixmucuy-y-alfredo-v-bonfil-23370","status":"publish","type":"post","link":"https:\/\/dralvarez.com.mx\/larevista\/compeche\/presentan-revista-lienzo-en-las-juntas-municipales-de-tixmucuy-y-alfredo-v-bonfil-23370","title":{"rendered":"Presentan Revista Lienzo en las juntas municipales de Tixmucuy y Alfredo V. Bonfil"},"content":{"rendered":"<p>La Oficina del Cronista present\u00f3 en las juntas municipales de Tixmucuy y Alfredo V. Bonf\u00edl, la edici\u00f3n n\u00famero 44 de la Revista \u201cLienzo. Cr\u00f3nicas Municipales\u201d, ejemplar que corresponde a una edici\u00f3n especial de dichas juntas en el que los autores que participaron hacen un recorrido por la historia de estas comunidades que integran la geograf\u00eda municipal.<\/p>\n<p>La presentaci\u00f3n de la revista que divulga las principales actividades de la administraci\u00f3n municipal que encabeza el alcalde Edgar Hern\u00e1ndez Hern\u00e1ndez, estuvo a cargo del Cronista de la Ciudad, Doctor Jos\u00e9 Manuel Alcocer Bern\u00e9s, quien estuvo acompa\u00f1ado de los presidentes de ambas juntas, Emma Margarita Aguilera P\u00e9rez y Leonardo Noh Chi, de Bonfil y Tixmucuy, respectivamente.<\/p>\n<p>De la comunidad maya de Tixmucuy fue posible rese\u00f1ar su historia y su desarrollo as\u00ed como sus mitos y leyendas que hasta el d\u00eda de hoy se cuentan entre los habitantes. Adem\u00e1s, de la importante festividad religiosa que cada seis de mayo celebran en honor a San Juan &#8220;ante Portam Latinam&#8221;, patrono de la junta.<\/p>\n<p>De igual manera, la historia de la fundaci\u00f3n del centro poblacional de Alfredo V. Bonf\u00edl fue abordado en este trabajo y gracias a las entrevistas a sus fundadores fue posible describir el arduo trabajo que represent\u00f3 levantar desde sus cimientos el asentamiento y las vicisitudes que padecieron los primeros pobladores durante el proceso de adaptaci\u00f3n en que han logrado amalgamar sus costumbres con las del resto de la poblaci\u00f3n campechana de la que ya forman parte.<\/p>\n<p>La Oficina del Cronista distribuy\u00f3 ejemplares entre la poblaci\u00f3n y tambi\u00e9n se hizo entrega de material de resguardo para las bibliotecas municipales de ambas comunidades.<\/p>\n","protected":false},"excerpt":{"rendered":"<p>La Oficina del Cronista present\u00f3 en las juntas municipales de Tixmucuy y Alfredo V. Bonf\u00edl, la edici\u00f3n n\u00famero 44 de la Revista \u201cLienzo.<\/p>\n","protected":false},"author":1018,"featured_media":0,"comment_status":"open","ping_status":"open","sticky":false,"template":"","format":"standard","meta":{"tdm_status":"","tdm_grid_status":"","footnotes":""},"categories":[27],"tags":[],"_links":{"self":[{"href":"https:\/\/dralvarez.com.mx\/larevista\/wp-json\/wp\/v2\/posts\/63595"}],"collection":[{"href":"https:\/\/dralvarez.com.mx\/larevista\/wp-json\/wp\/v2\/posts"}],"about":[{"href":"https:\/\/dralvarez.com.mx\/larevista\/wp-json\/wp\/v2\/types\/post"}],"author":[{"embeddable":true,"href":"https:\/\/dralvarez.com.mx\/larevista\/wp-json\/wp\/v2\/users\/1018"}],"replies":[{"embeddable":true,"href":"https:\/\/dralvarez.com.mx\/larevista\/wp-json\/wp\/v2\/comments?post=63595"}],"version-history":[{"count":0,"href":"https:\/\/dralvarez.com.mx\/larevista\/wp-json\/wp\/v2\/posts\/63595\/revisions"}],"wp:attachment":[{"href":"https:\/\/dralvarez.com.mx\/larevista\/wp-json\/wp\/v2\/media?parent=63595"}],"wp:term":[{"taxonomy":"category","embeddable":true,"href":"https:\/\/dralvarez.com.mx\/larevista\/wp-json\/wp\/v2\/categories?post=63595"},{"taxonomy":"post_tag","embeddable":true,"href":"https:\/\/dralvarez.com.mx\/larevista\/wp-json\/wp\/v2\/tags?post=63595"}],"curies":[{"name":"wp","href":"https:\/\/api.w.org\/{rel}","templated":true}]}}