{"id":63573,"date":"2018-03-26T00:00:00","date_gmt":"2018-03-26T06:00:00","guid":{"rendered":"https:\/\/dralvarez.com.mx\/larevista\/blog\/una-manana-agradable-con-los-abuelitos-del-hogar-de-ancianos-licda-dolores-lanz-de-echeverria-23348"},"modified":"2018-03-26T00:00:00","modified_gmt":"2018-03-26T06:00:00","slug":"una-manana-agradable-con-los-abuelitos-del-hogar-de-ancianos-licda-dolores-lanz-de-echeverria-23348","status":"publish","type":"post","link":"https:\/\/dralvarez.com.mx\/larevista\/compeche\/una-manana-agradable-con-los-abuelitos-del-hogar-de-ancianos-licda-dolores-lanz-de-echeverria-23348","title":{"rendered":"Una ma\u00f1ana agradable con los abuelitos del Hogar de Ancianos \u201cLicda. Dolores Lanz de Echeverr\u00eda\u201d"},"content":{"rendered":"<\/p>\n<p>Articulistas de <a target=\"_blank\" rel=\"nofollow noopener\" href=\"https:\/\/www.facebook.com\/comunicadores.emprendedores.5?fref=mentions\">Comunicadores <\/a>&nbsp;y Emprendedores A.C., &nbsp;pasaron una ma\u00f1ana agradable con los abuelitos del Hogar de Ancianos \u201cLicda. Dolores Lanz de Echeverr\u00eda\u201d, donde disfrutaron los Cuenta Cuentos de <a target=\"_blank\" rel=\"nofollow noopener\" href=\"https:\/\/www.facebook.com\/profile.php?id=100004794722968&amp;fref=mentions\">Lalu Casares<\/a>&nbsp;y lecturas de &#8220;El principito&#8221; y poemas de Mario Benedetti, a cargo de Marcela Polanco. <\/p>\n<p>Entre sonrisas y alegr\u00eda, los hu\u00e9spedes del Hogar de Ancianos convivieron con los articulistas y participaron contando sus experiencias y narrando poemas que alcanzaron a recordar de diversos poetas contempor\u00e1neos.<\/p>\n<p>Es importante mencionar, que no es la primera vez que esta asociaci\u00f3n visita a los hu\u00e9spedes del asilo a quienes en otras ocasiones han deleitado llev\u00e1ndoles entretenimiento, lecturas, canto y donativos.<\/p>\n<p>Antes de concluir la actividad, la presidenta de la asociaci\u00f3n, Elda Clemente Reyes, agradeci\u00f3 a la Directora General Liliana Rendis Buenfil, la oportunidad de convivir con los abuelitos, la amabilidad del personal y la felicit\u00f3 por su extraordinaria labor al frente de esta noble instituci\u00f3n a cargo del DIF Estatal que dirige la Presidenta del Patronato del DIF Estatal Christelle Casta\u00f1\u00f3n de Moreno.<\/p>\n<p>Posteriormente, se hizo entrega de un peque\u00f1o donativo por parte de los periodistas: <a target=\"_blank\" rel=\"nofollow noopener\" href=\"https:\/\/www.facebook.com\/NALLE.GONZALEZ.R?fref=mentions\">Nallely Gonz\u00e1lez<\/a>, <a target=\"_blank\" rel=\"nofollow noopener\" href=\"https:\/\/www.facebook.com\/enriquejr2?fref=mentions\">Enrique Cruz Romero<\/a>, <a target=\"_blank\" rel=\"nofollow noopener\" href=\"https:\/\/www.facebook.com\/profile.php?id=100004794722968&amp;fref=mentions\">Lalu Casares<\/a>, Marcela Polanco, Juan Yah Vela, entre otros.<\/p><\/p>\n","protected":false},"excerpt":{"rendered":"<p>Disfrutaron los Cuenta Cuentos de Lalu Casares y lecturas de &#8220;El principito&#8221; y poemas de Mario Benedetti.<\/p>\n","protected":false},"author":1018,"featured_media":0,"comment_status":"open","ping_status":"open","sticky":false,"template":"","format":"standard","meta":{"tdm_status":"","tdm_grid_status":"","footnotes":""},"categories":[27],"tags":[],"_links":{"self":[{"href":"https:\/\/dralvarez.com.mx\/larevista\/wp-json\/wp\/v2\/posts\/63573"}],"collection":[{"href":"https:\/\/dralvarez.com.mx\/larevista\/wp-json\/wp\/v2\/posts"}],"about":[{"href":"https:\/\/dralvarez.com.mx\/larevista\/wp-json\/wp\/v2\/types\/post"}],"author":[{"embeddable":true,"href":"https:\/\/dralvarez.com.mx\/larevista\/wp-json\/wp\/v2\/users\/1018"}],"replies":[{"embeddable":true,"href":"https:\/\/dralvarez.com.mx\/larevista\/wp-json\/wp\/v2\/comments?post=63573"}],"version-history":[{"count":0,"href":"https:\/\/dralvarez.com.mx\/larevista\/wp-json\/wp\/v2\/posts\/63573\/revisions"}],"wp:attachment":[{"href":"https:\/\/dralvarez.com.mx\/larevista\/wp-json\/wp\/v2\/media?parent=63573"}],"wp:term":[{"taxonomy":"category","embeddable":true,"href":"https:\/\/dralvarez.com.mx\/larevista\/wp-json\/wp\/v2\/categories?post=63573"},{"taxonomy":"post_tag","embeddable":true,"href":"https:\/\/dralvarez.com.mx\/larevista\/wp-json\/wp\/v2\/tags?post=63573"}],"curies":[{"name":"wp","href":"https:\/\/api.w.org\/{rel}","templated":true}]}}