{"id":63559,"date":"2018-03-26T00:00:00","date_gmt":"2018-03-26T06:00:00","guid":{"rendered":"https:\/\/dralvarez.com.mx\/larevista\/blog\/dif-estatal-capacita-a-sistemas-municipales-23334"},"modified":"2018-03-26T00:00:00","modified_gmt":"2018-03-26T06:00:00","slug":"dif-estatal-capacita-a-sistemas-municipales-23334","status":"publish","type":"post","link":"https:\/\/dralvarez.com.mx\/larevista\/compeche\/dif-estatal-capacita-a-sistemas-municipales-23334","title":{"rendered":"DIF Estatal capacita a Sistemas Municipales"},"content":{"rendered":"<\/p>\n<p>Con el objetivo de integrar de manera completa<br \/>\nexpedientes, el Sistema Estatal para el Desarrollo Integral de la Familia (DIF),<br \/>\na trav\u00e9s de la Direcci\u00f3n de Asistencia Alimentaria y Desarrollo Comunitario,<br \/>\nimparti\u00f3 el curso de capacitaci\u00f3n a los Sistemas Municipales, con temas como \u201cModificaci\u00f3n<br \/>\na la Reglas de Operaci\u00f3n del Programa de Desarrollo Comunitario \u201cComunidad<br \/>\nDiFerente\u201d\u201d, \u201cLa Contralor\u00eda Social en el Desarrollo Comunitario y en<br \/>\nAsistencia Alimentaria\u201d, \u201cEjercicio Pr\u00e1ctico, los Informes Mensuales\u201d, \u201cIntroducci\u00f3n,<br \/>\ngeneralidades e importancia de la estrategia y la corresponsabilidad<br \/>\ninterinstitucional\u201d, \u201cPresentaci\u00f3n del flujograma de acci\u00f3n y participaci\u00f3n en<br \/>\nla conformaci\u00f3n de refugios temporales en caso de emergencias\u201d.<\/p>\n<p>As\u00ed como \u201cBrigadas Comunitarias y los mapas de<br \/>\nriesgo\u201d, y el \u201cTaller operativo de desarrollo comunitario\u201d, que abarca<br \/>\nconstrucci\u00f3n de pr\u00e1cticas exitosas y revisi\u00f3n de formatos. En representaci\u00f3n de<br \/>\nla Presidenta del Patronato del DIF Estatal, Christelle Casta\u00f1\u00f3n de Moreno, la<br \/>\nDirectora de Asistencia Alimentaria y Desarrollo Comunitario, Ruth Ebergenyi V\u00e1zquez,<br \/>\ninvito a los participantes a poner en pr\u00e1ctica las herramientas aprendidas para<br \/>\nagilizar el funcionamiento de las acciones que se emprenden a favor de los<br \/>\ngrupos vulnerables.<\/p><\/p>\n","protected":false},"excerpt":{"rendered":"<p>Con el objetivo de integrar de manera completa expedientes.<\/p>\n","protected":false},"author":1018,"featured_media":0,"comment_status":"open","ping_status":"open","sticky":false,"template":"","format":"standard","meta":{"tdm_status":"","tdm_grid_status":"","footnotes":""},"categories":[27],"tags":[],"_links":{"self":[{"href":"https:\/\/dralvarez.com.mx\/larevista\/wp-json\/wp\/v2\/posts\/63559"}],"collection":[{"href":"https:\/\/dralvarez.com.mx\/larevista\/wp-json\/wp\/v2\/posts"}],"about":[{"href":"https:\/\/dralvarez.com.mx\/larevista\/wp-json\/wp\/v2\/types\/post"}],"author":[{"embeddable":true,"href":"https:\/\/dralvarez.com.mx\/larevista\/wp-json\/wp\/v2\/users\/1018"}],"replies":[{"embeddable":true,"href":"https:\/\/dralvarez.com.mx\/larevista\/wp-json\/wp\/v2\/comments?post=63559"}],"version-history":[{"count":0,"href":"https:\/\/dralvarez.com.mx\/larevista\/wp-json\/wp\/v2\/posts\/63559\/revisions"}],"wp:attachment":[{"href":"https:\/\/dralvarez.com.mx\/larevista\/wp-json\/wp\/v2\/media?parent=63559"}],"wp:term":[{"taxonomy":"category","embeddable":true,"href":"https:\/\/dralvarez.com.mx\/larevista\/wp-json\/wp\/v2\/categories?post=63559"},{"taxonomy":"post_tag","embeddable":true,"href":"https:\/\/dralvarez.com.mx\/larevista\/wp-json\/wp\/v2\/tags?post=63559"}],"curies":[{"name":"wp","href":"https:\/\/api.w.org\/{rel}","templated":true}]}}