{"id":63534,"date":"2018-03-23T00:00:00","date_gmt":"2018-03-23T06:00:00","guid":{"rendered":"https:\/\/dralvarez.com.mx\/larevista\/blog\/se-reunen-titulares-de-proteccion-civil-region-sur-sureste-23308"},"modified":"2018-03-23T00:00:00","modified_gmt":"2018-03-23T06:00:00","slug":"se-reunen-titulares-de-proteccion-civil-region-sur-sureste-23308","status":"publish","type":"post","link":"https:\/\/dralvarez.com.mx\/larevista\/compeche\/se-reunen-titulares-de-proteccion-civil-region-sur-sureste-23308","title":{"rendered":"Se re\u00fanen titulares de Protecci\u00f3n Civil Regi\u00f3n Sur- Sureste"},"content":{"rendered":"<p>El titular de la Secretar\u00eda de Protecci\u00f3n Civil del Gobierno del Estado de Campeche (SEPROCI), Gibr\u00e1n Burad Abud, particip\u00f3 en la Primera Reuni\u00f3n Regional de Protecci\u00f3n Civil, realizada en la ciudad de M\u00e9rida, Yucat\u00e1n, cuyo objetivo principal es el trabajo coordinado en la integraci\u00f3n de un compendio de informaci\u00f3n sobre las necesidades y problem\u00e1ticas de cada uno de los Estados que integran la zona Sur-Sureste de la Coordinaci\u00f3n Nacional de Protecci\u00f3n Civil.<\/p>\n<p>La reuni\u00f3n, que se realiz\u00f3 en la Sala de Juntas de Palacio de Gobierno de Yucat\u00e1n, los participantes coincidieron que con esta actividad surgir\u00e1n acuerdos y estrategias beneficiosas para los ciudadanos ya que este ejercicio permite presentar propuestas para la detecci\u00f3n, atenci\u00f3n y soluci\u00f3n de las problem\u00e1ticas. <\/p>\n<p>Entre los acuerdos y propuestas destacan la homologaci\u00f3n de criterios y requisitos para los Terceros Acreditados; mayor coordinaci\u00f3n entre dependencias, instituciones y autoridades a nivel federal; fortalecimiento de los centros de monitoreo climatol\u00f3gico; compartir las estructuras org\u00e1nicas de las secretarias para apoyar la transici\u00f3n de coordinaciones a Secretar\u00edas de Protecci\u00f3n Civil; solicitar m\u00e1s instrumentos financieros para la prevenci\u00f3n y capacitaci\u00f3n de cada uno de los Estados; mayor coordinaci\u00f3n de las dependencias federales con el Estado y m\u00e1s apoyo a la autonom\u00eda de los municipios. <\/p>\n<p>Asimismo, se acord\u00f3 que la pr\u00f3xima reuni\u00f3n se llevar\u00e1 a cabo en Villahermosa, Tabasco, el pr\u00f3ximo 13 de abril del presente a\u00f1o, a la que se invitar\u00edan a representantes de la Comisi\u00f3n Federal de Electricidad (CFE), Fondo Nacional de Desastres Naturales (FONDEN), Comisi\u00f3n Nacional del Agua (CONAGUA), Comisi\u00f3n Nacional Forestal (CONAFOR), Petr\u00f3leos Mexicanos (PEMEX), Fondo de Prevenci\u00f3n de Desastres Naturales (FOPREDEN), Comisi\u00f3n Reguladora de Energ\u00eda (CRE) y el Secretariado Ejecutivo del Sistema Nacional de Seguridad P\u00fablica (SNSP) para exponerle propuestas y estrategias.<\/p>\n<p>Esta reuni\u00f3n estuvo encabezada por el director de Protecci\u00f3n Civil de dicha Entidad, Aar\u00f3n Palomo Eu\u00e1n, y participaron tambi\u00e9n el subcoordinador estatal de Protecci\u00f3n Civil de Oaxaca, Andr\u00e9s Serna \u00c1lvarez; el Director de Gesti\u00f3n de Riesgos de Protecci\u00f3n Civil de Tabasco, Gilberto Segovia Quintero; y el Secretario de Protecci\u00f3n Civil de Veracruz, Juan Carlos Salda\u00f1a Mor\u00e1n. Cabe destacar que la zona Sur Sureste tambi\u00e9n est\u00e1 conformada por los Estados de Chiapas y Quintana Roo.<\/p>\n","protected":false},"excerpt":{"rendered":"<p>Realizada en la ciudad de M\u00e9rida, Yucat\u00e1n.<\/p>\n","protected":false},"author":1018,"featured_media":0,"comment_status":"open","ping_status":"open","sticky":false,"template":"","format":"standard","meta":{"tdm_status":"","tdm_grid_status":"","footnotes":""},"categories":[27],"tags":[],"_links":{"self":[{"href":"https:\/\/dralvarez.com.mx\/larevista\/wp-json\/wp\/v2\/posts\/63534"}],"collection":[{"href":"https:\/\/dralvarez.com.mx\/larevista\/wp-json\/wp\/v2\/posts"}],"about":[{"href":"https:\/\/dralvarez.com.mx\/larevista\/wp-json\/wp\/v2\/types\/post"}],"author":[{"embeddable":true,"href":"https:\/\/dralvarez.com.mx\/larevista\/wp-json\/wp\/v2\/users\/1018"}],"replies":[{"embeddable":true,"href":"https:\/\/dralvarez.com.mx\/larevista\/wp-json\/wp\/v2\/comments?post=63534"}],"version-history":[{"count":0,"href":"https:\/\/dralvarez.com.mx\/larevista\/wp-json\/wp\/v2\/posts\/63534\/revisions"}],"wp:attachment":[{"href":"https:\/\/dralvarez.com.mx\/larevista\/wp-json\/wp\/v2\/media?parent=63534"}],"wp:term":[{"taxonomy":"category","embeddable":true,"href":"https:\/\/dralvarez.com.mx\/larevista\/wp-json\/wp\/v2\/categories?post=63534"},{"taxonomy":"post_tag","embeddable":true,"href":"https:\/\/dralvarez.com.mx\/larevista\/wp-json\/wp\/v2\/tags?post=63534"}],"curies":[{"name":"wp","href":"https:\/\/api.w.org\/{rel}","templated":true}]}}