{"id":63532,"date":"2018-03-23T00:00:00","date_gmt":"2018-03-23T06:00:00","guid":{"rendered":"https:\/\/dralvarez.com.mx\/larevista\/blog\/dif-estatal-festeja-a-los-ninos-ninas-y-a-mamas-de-hopelchen-23306"},"modified":"2018-03-23T00:00:00","modified_gmt":"2018-03-23T06:00:00","slug":"dif-estatal-festeja-a-los-ninos-ninas-y-a-mamas-de-hopelchen-23306","status":"publish","type":"post","link":"https:\/\/dralvarez.com.mx\/larevista\/compeche\/dif-estatal-festeja-a-los-ninos-ninas-y-a-mamas-de-hopelchen-23306","title":{"rendered":"DIF Estatal festeja a los ni\u00f1os, ni\u00f1as y a mam\u00e1s de Hopelchen"},"content":{"rendered":"<p>Como parte de la gira del D\u00eda del Ni\u00f1o y de la Madre 2018, la Directora General del Sistema Estatal para el Desarrollo Integral de la Familia (DIF), Silvia Parrao Arceo, en representaci\u00f3n de la Presidenta del Patronato, Christelle Casta\u00f1\u00f3n de Moreno, visit\u00f3 el municipio de Hopelch\u00e9n, donde reparti\u00f3 m\u00e1s de 500 juguetes a los alumnos de las primarias \u201cL\u00e1zaro C\u00e1rdenas\u201d y \u201cJosefa Hurtado Trujeque\u201d, mientras que las mam\u00e1s recibieron enseres de cocina; y para fomentar la activaci\u00f3n f\u00edsica cada plantel recibi\u00f3 un kit deportivo.<\/p>\n<p>Acompa\u00f1ada de la Presidenta del DIF Municipal, Glendy Nayeli Espa\u00f1a de Espa\u00f1a, y autoridades educativas, exhort\u00f3 a los ni\u00f1os a lograr sus metas, poni\u00e9ndole empe\u00f1o y dedicaci\u00f3n a sus  estudios; mientras que a los maestros reconoci\u00f3 su incansable labor y dedicaci\u00f3n por ense\u00f1ar a esta generaci\u00f3n de campechanos, para que se comprometan con el desarrollo del Estado.<\/p>\n<p>En la escuela primaria \u201cL\u00e1zaro C\u00e1rdenas\u201d turno matutino, que tiene un padr\u00f3n de 359  alumnos, Parrao Arceo entreg\u00f3 a la Directora del plantel, Mar\u00eda Luisa Ram\u00edrez Jim\u00e9nez, un kit deportivo que utilizar\u00e1 para que los ni\u00f1os y ni\u00f1as realicen activaci\u00f3n f\u00edsica.<\/p>\n<p>Indic\u00f3 que el DIF Estatal celebra a las ni\u00f1as, ni\u00f1os y a las madres, por lo que el Gobernador del Estado, Alejandro Moreno C\u00e1rdenas, les envi\u00f3 un obsequio y sus parabienes por esas fechas tan significativas.<\/p>\n<p>Asimismo, agradeci\u00f3 la suma de esfuerzos y la conjunci\u00f3n de alianzas que han podido realizar con las autoridades municipales para beneficio de las ni\u00f1as, ni\u00f1os, adolescentes, adultos mayores, personas con discapacidad y cualquier grupo vulnerable, porque todos merecen mejorar su calidad de vida.<\/p>\n<p>Finalmente, las autoridades visitaron a los 286 ni\u00f1os que estudian en la primaria \u201cJosefa Hurtado Trujeque\u201d, que es representada por su director, Jos\u00e9 del Carmen C\u00e1mara Uc.<\/p>\n<p>Por su parte, la Presidenta del DIF Hopelch\u00e9n, Glendy Espa\u00f1a de Espa\u00f1a, agradeci\u00f3 a las autoridades estatales por permitir que los ni\u00f1os y ni\u00f1as pasen un d\u00eda agradable y exhort\u00f3 a los alumnos para que las mam\u00e1s sean reconocidas, hoy y siempre por dar su amor incondicional.<\/p>\n","protected":false},"excerpt":{"rendered":"<p>Como parte de la gira del D\u00eda del Ni\u00f1o y de la Madre 2018.<\/p>\n","protected":false},"author":1018,"featured_media":0,"comment_status":"open","ping_status":"open","sticky":false,"template":"","format":"standard","meta":{"tdm_status":"","tdm_grid_status":"","footnotes":""},"categories":[27],"tags":[],"_links":{"self":[{"href":"https:\/\/dralvarez.com.mx\/larevista\/wp-json\/wp\/v2\/posts\/63532"}],"collection":[{"href":"https:\/\/dralvarez.com.mx\/larevista\/wp-json\/wp\/v2\/posts"}],"about":[{"href":"https:\/\/dralvarez.com.mx\/larevista\/wp-json\/wp\/v2\/types\/post"}],"author":[{"embeddable":true,"href":"https:\/\/dralvarez.com.mx\/larevista\/wp-json\/wp\/v2\/users\/1018"}],"replies":[{"embeddable":true,"href":"https:\/\/dralvarez.com.mx\/larevista\/wp-json\/wp\/v2\/comments?post=63532"}],"version-history":[{"count":0,"href":"https:\/\/dralvarez.com.mx\/larevista\/wp-json\/wp\/v2\/posts\/63532\/revisions"}],"wp:attachment":[{"href":"https:\/\/dralvarez.com.mx\/larevista\/wp-json\/wp\/v2\/media?parent=63532"}],"wp:term":[{"taxonomy":"category","embeddable":true,"href":"https:\/\/dralvarez.com.mx\/larevista\/wp-json\/wp\/v2\/categories?post=63532"},{"taxonomy":"post_tag","embeddable":true,"href":"https:\/\/dralvarez.com.mx\/larevista\/wp-json\/wp\/v2\/tags?post=63532"}],"curies":[{"name":"wp","href":"https:\/\/api.w.org\/{rel}","templated":true}]}}