{"id":63513,"date":"2018-03-23T00:00:00","date_gmt":"2018-03-23T06:00:00","guid":{"rendered":"https:\/\/dralvarez.com.mx\/larevista\/blog\/anuncia-gobernador-moreno-cardenas-apertura-de-un-modulo-de-educacion-superior-en-seybaplaya-23285"},"modified":"2018-03-23T00:00:00","modified_gmt":"2018-03-23T06:00:00","slug":"anuncia-gobernador-moreno-cardenas-apertura-de-un-modulo-de-educacion-superior-en-seybaplaya-23285","status":"publish","type":"post","link":"https:\/\/dralvarez.com.mx\/larevista\/compeche\/anuncia-gobernador-moreno-cardenas-apertura-de-un-modulo-de-educacion-superior-en-seybaplaya-23285","title":{"rendered":"Anuncia Gobernador Moreno C\u00e1rdenas apertura de un m\u00f3dulo de educaci\u00f3n superior en Seybaplaya"},"content":{"rendered":"<p><b><i><\/i><\/b><\/p>\n<blockquote><p><b><i>Entrega m\u00e1s de mil 300 Chromebook y 360 computadoras Endles.<\/i><\/b><\/p><\/blockquote>\n<\/p>\n<p><b>CHAMPOT\u00d3N- <\/b>La<br \/>\nconstrucci\u00f3n de un m\u00f3dulo de educaci\u00f3n superior en Seybaplaya para formar<br \/>\ncapital humano que responda a los requerimientos que generar\u00e1 la llegada de compa\u00f1ias<br \/>\nde cruceros y el establecimiento de la Zona Econ\u00f3mica Especial en la regi\u00f3n,<br \/>\nas\u00ed como la apertura de una convocatoria para que estudiantes de nivel superior<br \/>\nse beneficien con dispositivos <i>Chromebook<\/i>,<br \/>\nanunci\u00f3 el gobernador Alejandro Moreno C\u00e1rdenas en gira de trabajo por este<br \/>\nmunicipio.<\/p>\n<p>Durante<br \/>\nsu recorrido, el mandatario hizo entrega de 360 computadoras <i>Endless<\/i> a 30 escuelas secundarias de<br \/>\ntodo el estado, mediante una inversi\u00f3n de 1.9 millones de pesos, y de laptops<br \/>\ndel programa <i>Google for Education<\/i> a<br \/>\nmil 315 alumnos de preparatoria. <\/p>\n<p>Moreno<br \/>\nC\u00e1rdenas arrib\u00f3 a las instalaciones del Centro de Estudios Tecnol\u00f3gico Industrial<br \/>\ny de Servicios (CETIS) 82, ubicado en la ciudad de Champot\u00f3n, para otorgar <i>chromebooks<\/i> a 770 j\u00f3venes alumnos, y<br \/>\nluego se traslad\u00f3 a la junta municipal de Seybaplaya donde encabez\u00f3 la<br \/>\ndistribuci\u00f3n de 545 dispositivos a igual n\u00famero de educandos del plantel 04 del<br \/>\nColegio de Bachilleres del Estado de Campeche (Cobacam).<\/p>\n<p>En<br \/>\npresencia del alcalde Ra\u00fal Uribe Haydar, el jefe del Ejecutivo destac\u00f3 que en<br \/>\nsu administraci\u00f3n seguir\u00e1 invirtiendo en la educaci\u00f3n para que los j\u00f3venes<br \/>\ntengan las mismas oportunidades de prepararse y puedan alcanzar sus metas.<\/p>\n<p>\u201cEste<br \/>\ncompromiso que hoy hago con los j\u00f3venes, no es s\u00f3lo para entregarles<br \/>\nequipamiento digital, sino para seguir construy\u00e9ndoles mejores oportunidades de<br \/>\nbienestar\u201d, manifest\u00f3 durante su recorrido, en el que estuvo acompa\u00f1ado tambi\u00e9n<br \/>\nde las directoras General del Cobacam, Adlemi Santiago Ram\u00edrez, y del CETIS,<br \/>\nWendy Rodr\u00edguez Servin.<\/p>\n<p>En la<br \/>\nlocalidad de Seybaplaya, precis\u00f3 que con el establecimiento de la Zona<br \/>\nEcon\u00f3mica Especial y la llegada de compa\u00f1\u00edas trasnacionales de cruceros se<br \/>\ndemandar\u00e1 mano de obra capacitada, por lo que en fecha pr\u00f3ximas se abrir\u00e1 un<br \/>\nm\u00f3dulo de educaci\u00f3n superior que dar\u00e1 a los j\u00f3venes la oportunidad de<br \/>\nprepararse y sumarse al desarrollo del estado. <\/p>\n<p>Antes,<br \/>\nel secretario de educaci\u00f3n Ricardo Medina Farf\u00e1n, puntualiz\u00f3 que no existe<br \/>\nantecedente alguno de la gran cantidad de computadoras que la actual<br \/>\nadministraci\u00f3n est\u00e1 distribuyendo entre maestros y alumnos de todo el estado<br \/>\npara transformar la educaci\u00f3n en las aulas.<\/p>\n<p>Por su<br \/>\nparte, el alcalde de Champot\u00f3n, Ra\u00fal Uribe Haydar, signific\u00f3 que el trabajo en<br \/>\nequipo entre las autoridades federales, estatales y municipales permitir\u00e1<br \/>\nimplementar en 18 puntos del municipio el servicio de internet gratuito.<\/p>\n<p>A<br \/>\nnombre de los j\u00f3venes beneficiados, Alejandra Mitchell Acosta, alumna del<br \/>\nsegundo semestre de Enfermer\u00eda del CETIS 82 de Champot\u00f3n, y Ezequiel Canul<br \/>\nSulub, del Cobacam 04 de Seybaplaya, agradecieron al gobernador la entrega de<br \/>\nlos dipositivos digitales, ya que ahora tienen a la mano una herramienta que es<br \/>\nindispensable para su educaci\u00f3n.<\/p>\n<p>Cabe<br \/>\nmencionar que las computadoras <i>Endless<\/i><br \/>\nest\u00e1n precargadas con contenidos educativos acorde a los planes y programas de<br \/>\nestudios de nivel secundaria, incluyendo m\u00e1s de 100 programas y herramientas de<br \/>\naprendizaje. Entre el 2016 y 2018 se han entregado 860 equipos a 158 escuelas<br \/>\nsecundarias, t\u00e9cnicas y telesecundarias de todo el estado, con una inversi\u00f3n<br \/>\naproximada de cuatro millones de pesos.<\/p>\n<p>Acompa\u00f1aron<br \/>\nal gobernador, el delegado de la SEP, Rafael Alcal\u00e1 Ortiz; el director del<br \/>\nplantel Cobacam 04 Seybaplaya, Asunci\u00f3n L\u00f3pez<br \/>\nCanul y el coordinador estatal de la Subsecretar\u00eda de Educaci\u00f3n Media<br \/>\nSuperior, Fernando Cadena Canto.<\/p>\n<p><b>Palabras del Gobernador del Estado, Alejandro Moreno C\u00e1rdenas<\/b><\/p>\n<\/p>\n<p>Muy buenas tardes, j\u00f3venes que hoy se<br \/>\nencuentran aqu\u00ed con nosotros. Quiero aprovechar no s\u00f3lo para saludarles y<br \/>\ndecirles que me siento muy contento de estar aqu\u00ed, que lo m\u00e1s importante en<br \/>\neste d\u00eda no s\u00f3lo es entregar los dispositivos digitales, sino lo m\u00e1s importante<br \/>\naqu\u00ed es que tengamos una visi\u00f3n clara, que tengamos actitud y que sepamos qu\u00e9<br \/>\nes lo que queremos construir en este gran municipio, en este gran Estado, en<br \/>\neste gran pa\u00eds, que es Champot\u00f3n, que es Campeche, que es M\u00e9xico y que es<br \/>\nSeybaplaya.<\/p>\n<p>Porque lo que queremos es que ustedes<br \/>\ntengan m\u00e1s y mejores oportunidades, y quiero compartirlo porque todas las<br \/>\nsemanas, las \u00faltimas semanas que estamos acudiendo a entregar equipamiento en<br \/>\ndiferentes instituciones educativas, en diferentes municipios, en diferentes<br \/>\ncomunidades, los j\u00f3venes como ustedes se acercan y platicamos. Y me hacen<br \/>\ncomentarios importantes no s\u00f3lo del tema de las computadoras, de lo que quieren<br \/>\nestudiar, de lo que quieren para tener m\u00e1s y mejores oportunidades, y eso<br \/>\ndepende de todos y cada uno de nosotros.<\/p>\n<p>Y hoy quiero aprovechar para decirles,<br \/>\ndec\u00edrselos no s\u00f3lo con mucha franqueza y con mucha claridad, dec\u00edrselos con<br \/>\ntoda la convicci\u00f3n y la vocaci\u00f3n de que podemos construir el mejor Campeche de<br \/>\ntodos los tiempos y de que con ustedes, juntos lo vamos a lograr. Lo compart\u00ed<br \/>\nhace unos momentos, estaba yo en Champot\u00f3n, ayer estuvimos en Hopelch\u00e9n, en<br \/>\nCalakmul, en Campeche, entreg\u00e1ndoles miles de computadoras a j\u00f3venes como<br \/>\nustedes; y no vine aqu\u00ed a darles un discurso o, como dicen los chavos, a<br \/>\necharles un \u2018rollo\u2019, viene aqu\u00ed a compartir con ustedes lo que pienso, lo que<br \/>\ncreo que es lo m\u00e1s importante para el Estado pero lo que hoy, si ustedes se lo<br \/>\nproponen, lo van a lograr.<\/p>\n<p>Por eso, los que estamos aqu\u00ed somos un<br \/>\nequipo\u2026 Aqu\u00ed trabajamos con el Presidente Municipal, con los tres \u00f3rdenes de<br \/>\ngobierno, con los diputados locales, con los directores de los planteles, con<br \/>\ntodos, trabajando en equipo, y siempre he compartido con ustedes, con nuestra<br \/>\ngeneraci\u00f3n, una herramienta fundamental que debemos de tener, una herramienta<br \/>\nfundamental que es tener acceso a la tecnolog\u00eda, tener acceso a los medios<br \/>\ndigitales. Que los j\u00f3venes como ustedes, que<br \/>\npor primera vez tendr\u00e1n un equipo, puedan acceder a poder conocer y<br \/>\ntener m\u00e1s informaci\u00f3n de esta gran red, de este gran gigante que es Google y<br \/>\nque en este programa, en Google for Education, estamos no s\u00f3lo d\u00e1ndoles<br \/>\nherramientas a ustedes sino capacitando a las maestras y a los maestros de<br \/>\nnuestro Estado.<\/p>\n<p>Y quiero reconocer que cada uno de ellos<br \/>\nha ido y ha acudido a capacitarse, a prepararse, para poder darles a ustedes<br \/>\nm\u00e1s y mejores oportunidades de crecimiento, de desarrollo, para que le vaya<br \/>\nbien al sector educativo en el Estado de Campeche. Se puede decir f\u00e1cil,<br \/>\npr\u00e1cticamente casi 600 computadoras que estamos entregando, m\u00e1s las 360<br \/>\ncomputadoras en el equipo Edless que estamos entregando para las secundarias y<br \/>\ntelesecundarias, es muy importante para que los j\u00f3venes vayan teniendo una<br \/>\nmejor formaci\u00f3n y una mejor oportunidad.<\/p>\n<p>\u00bfY por qu\u00e9 les digo que se dice f\u00e1cil?<br \/>\nPorque antes de que fuera, su amigo Alejandro Moreno, Alito como todos me<br \/>\nconocen, Gobernador, les voy a decir qu\u00e9 se entregaba antes en el Cobacam. Hace<br \/>\ndos a\u00f1os muchos de ustedes no estaban aqu\u00ed, estaban en la secundaria, estaban<br \/>\nprepar\u00e1ndose y aprendiendo, pero antes de que yo fuera Gobernador y antes de<br \/>\nque Adlemi fuera directora del Cobacam, en los 37 planteles que ten\u00eda el<br \/>\nCobacam se entregaban tres computadoras por plantel, tres computadoras que eran<br \/>\npara los mejores promedios y para los mejores estudiantes que se lo hab\u00edan<br \/>\nganado y que se lo ganan\u2026 Pero s\u00f3lo tres j\u00f3venes por plantel.<\/p>\n<p>Hoy, s\u00f3lo en este plantel estamos<br \/>\nentregando 570 y es un cambio dr\u00e1stico, es un cambio importante\u2026 \u00bfY por qu\u00e9 se<br \/>\nlos digo? Porque yo soy una gente convencida, soy un joven y se los digo, estoy<br \/>\nmuy contento de estar aqu\u00ed con ustedes, siempre de estar de gira, siempre de<br \/>\nacompa\u00f1arles y de hacer buenos anuncios porque platicaba con Yomara y con Ezequiel\u2026<br \/>\nMe dec\u00eda que ten\u00eda, Ezequiel, 16 a\u00f1os y le digo, yo tengo 42 aunque parezca de<br \/>\ntu edad, le digo, pero tengo 42\u2026 y quiero decirles que no s\u00f3lo me siento joven,<br \/>\nque es lo m\u00e1s importante, sino que hay que estar joven en la salud, en la<br \/>\nactitud y en la mente.<\/p>\n<p>Y por eso estoy muy comprometido de estar<br \/>\nen esta gran instituci\u00f3n, en el Cobacam, aqu\u00ed, en Seybaplaya. Y ahorita que<br \/>\nestaba entrando, me platicaban algunos j\u00f3venes: Oiga, Gobernador, ya vino, le<br \/>\nagradecemos, nos van a entregar el equipo, vamos a seguir prepar\u00e1ndonos y<br \/>\nestudiando, pero necesitamos un lugar digno para reunirnos, para estar,<br \/>\nagradable, para hacer deporte\u2026 Hoy les quiero anunciar p\u00fablicamente, ma\u00f1ana<br \/>\nmismo iniciar\u00e1n los trabajos del proyecto y del equipo, y me comprometo con<br \/>\nustedes a que inmediatamente les voy a construir una cancha nueva, techada, de<br \/>\nprimera, para todo el plantel, aqu\u00ed en el Cobacam, para que puedan estar y para<br \/>\nque puedan, todos los j\u00f3venes, estar aqu\u00ed.<\/p>\n<p>Tambi\u00e9n, algo que es muy importante y lo<br \/>\ntoc\u00f3 Ra\u00fal\u2026 Inmediatamente lo har\u00e1n\u2026 Y algo muy importante que dec\u00eda el<br \/>\npresidente municipal, nuestro amigo Ra\u00fal Uribe\u2026 Ra\u00fal dec\u00eda que necesitamos la<br \/>\nconectividad permanente y ese es el proyecto que estamos trabajando desde el<br \/>\nGobierno del Estado. Y que hoy el Ayuntamiento ha puesto el ejemplo, el trabajo<br \/>\ny el compromiso para llevar el internet a todos los parques, a todos los<br \/>\nlugares donde vayan los j\u00f3venes a reunirse, para que tengan esa conectividad.<\/p>\n<p>Y por ello, se puede decir f\u00e1cil, pero<br \/>\nlos j\u00f3venes como ustedes, que son muy inteligentes\u2026 \u00a1F\u00edjense nada m\u00e1s una<br \/>\ncomparaci\u00f3n y una cifra! En los \u00faltimos 12 a\u00f1os, en Campeche se hab\u00edan<br \/>\nentregado, en todo el Estado, poco m\u00e1s de 10 mil computadoras\u2026 En los \u00faltimos<br \/>\n12 a\u00f1os. En poco m\u00e1s de dos a\u00f1os de mi gobierno y al terminar este mes y el<br \/>\npr\u00f3ximo a\u00f1o, estaremos entregando m\u00e1s de 20 mil\u2026 Y eso significa que estamos<br \/>\nentregando m\u00e1s equipamiento para los j\u00f3venes campechanos en dos a\u00f1os, que en<br \/>\nlos \u00faltimos 12 a\u00f1os.<\/p>\n<p>\u00bfY por qu\u00e9 quiero hacer ese compromiso? Porque<br \/>\naqu\u00ed, con Ricardo Medina, con el trabajo comprometido de la Secretar\u00eda de<br \/>\nEducaci\u00f3n federal que encabeza nuestro amigo Otto Granados y con el respaldo<br \/>\ntotal del mejor amigo y del mejor aliado que tiene Campeche, que es el<br \/>\npresidente Enrique Pe\u00f1a Nieto, hoy, desde aqu\u00ed, anuncio que con el programa de<br \/>\nentrega de apoyo de equipamiento de computadoras y de computablets, el pr\u00f3ximo<br \/>\na\u00f1o estaremos gestionando para entregar una cantidad similar, m\u00e1s de 15 mil 800<br \/>\ncomputadoras; m\u00e1s las m\u00e1s de 2 mil 500 computablets, estaremos entregando<br \/>\npr\u00e1cticamente casi 20 mil el pr\u00f3ximo a\u00f1o.<\/p>\n<p>As\u00ed que, estaremos cubriendo el 100%,<br \/>\nesto es un dato hist\u00f3rico\u2026 En Campeche, el 100% de todos los j\u00f3venes<br \/>\nestudiantes del nivel medio superior van a tener una computadora para que se<br \/>\npreparen, para que estudien y para que tengan m\u00e1s y mejores oportunidades.<\/p>\n<p>Y yo le agradezco mucho al diputado Jos\u00e9<br \/>\nGuzm\u00e1n que est\u00e9 aqu\u00ed con nosotros, presidente de la Comisi\u00f3n de Educaci\u00f3n en el<br \/>\nCongreso; que est\u00e9 aqu\u00ed Andrea; que est\u00e9 aqu\u00ed Juan Carlos; que est\u00e9 aqu\u00ed<br \/>\nMart\u00edn; que est\u00e9n aqu\u00ed los diputados, porque han hecho una gesti\u00f3n muy<br \/>\nimportante y que la quiero anunciar el d\u00eda de hoy y que trabaj\u00e9 ahora con el<br \/>\nSecretario de Educaci\u00f3n.<\/p>\n<p>Nos comprometemos a que vamos a instalar<br \/>\naqu\u00ed, pr\u00f3ximamente\u2026 El Secretario de Educaci\u00f3n lo va a ver con el Delegado de<br \/>\nEducaci\u00f3n y con el Gobierno del Estado, y vamos a poner aqu\u00ed, en Seybaplaya, un<br \/>\nm\u00f3dulo de educaci\u00f3n superior del Instituto Tecnol\u00f3gico. Aqu\u00ed, en Seybaplaya,<br \/>\npara que tengan nivel superior tambi\u00e9n, aqu\u00ed\u2026 Un m\u00f3dulo importante para que<br \/>\npuedan trabajar y puedan prepararse.<\/p>\n<p>Y algo muy importante tambi\u00e9n, quiero<br \/>\nfinalizar dici\u00e9ndoles, a todas y a todos ustedes, a los chavos que est\u00e1n aqu\u00ed\u2026 Algo<br \/>\nque es muy importante para todos ustedes, para nuestros j\u00f3venes: Ustedes, hoy,<br \/>\nest\u00e1n en una etapa de preparaci\u00f3n y de formaci\u00f3n pero logramos algo hist\u00f3rico<br \/>\npara Seybaplaya y para el Estado de Campeche. Porque lo van a vivir no s\u00f3lo<br \/>\nahora sino en los pr\u00f3ximos 5, 10, 15 o 20 a\u00f1os, hemos logrado, con el apoyo del<br \/>\npresidente Enrique Pe\u00f1a Nieto, que Seybaplaya sea considerada Zona Econ\u00f3mica<br \/>\nEspecial.<\/p>\n<p>\u00bfY eso qu\u00e9 nos va a permitir? Que vamos a<br \/>\ntener, hoy, para que sepan, pronto ya y lo van a ver en los pr\u00f3ximos meses,<br \/>\nalgo que nunca se hubiera visto en el Estado de Campeche, algo que para muchos<br \/>\nincr\u00e9dulos que creen que los campechanos no pod\u00edamos, no se pod\u00eda gestionar\u2026 En<br \/>\nlos pr\u00f3ximos meses, lo quiero decir aqu\u00ed, hemos trabajado con las empresas m\u00e1s<br \/>\nimportantes, transnacionales, en el sector naviero, y he firmado tres convenios<br \/>\ncon tres empresas transnacionales y en los pr\u00f3ximos meses estar\u00e1n arribando a<br \/>\nCampeche los primeros cruceros tur\u00edsticos para el Estado. Y que van a detonar<br \/>\neste gran Estado que es Campeche, este gran municipio que es Champot\u00f3n y este<br \/>\ngran lugar que es Seybaplaya.<\/p>\n<p>As\u00ed que, hay que prepararse, hay que<br \/>\ncapacitarse, vamos a impulsar los modelos de capacitaci\u00f3n para que los j\u00f3venes<br \/>\ntengan m\u00e1s y mejores oportunidades de empleo. Y quiero cerrar dici\u00e9ndoles a<br \/>\ntodos, tengan \u00e1nimo y tengan actitud, nadie les va a regalar nada y nadie va a<br \/>\nhacer por ustedes lo que les toca hacer.<\/p>\n<p>Hoy, aqu\u00ed, quiero comprometerme<br \/>\np\u00fablicamente con ustedes a seguir trabajando, a seguir gestionando, a que haya<br \/>\nm\u00e1s y mejores oportunidades; pero quiero compartir con ustedes una reflexi\u00f3n<br \/>\nporque veo aqu\u00ed a muchos padres de familia, veo aqu\u00ed a sus maestras y a sus<br \/>\nmaestros.<\/p>\n<p>Y quiero decirles dos cosas para<br \/>\nterminar, uno, primero hay que darles las gracias a nuestras maestras y a<br \/>\nnuestros maestros, y les voy a decir por qu\u00e9: Porque las maestras y los<br \/>\nmaestros tambi\u00e9n tienen hijos, tambi\u00e9n tienen que cuidar a sus hijos pero<br \/>\ncuando vienen ustedes a la escuela, se convierten en una familia\u2026 Y si es una<br \/>\nresponsabilidad muy grande cuidar a nuestros hijos, imag\u00ednense lo que es cuidar<br \/>\na los hijos de otras personas, prepararlos y educarlos.<\/p>\n<p>As\u00ed que, desde aqu\u00ed, un aplauso fuerte a<br \/>\nlas maestras y a los maestros que est\u00e1n aqu\u00ed, a los directores, a todos,<br \/>\ntrabajando en equipo, porque nos ayudan y nos preparan. Y quiero terminar<br \/>\ndici\u00e9ndoles, porque s\u00e9 que aqu\u00ed ocurre mucho\u2026 Siempre que voy de gira a un<br \/>\nmunicipio o que voy a un centro educativo, j\u00f3venes como ustedes se me acercan y<br \/>\nme dicen: Oye, Gobernador, queremos que seas nuestro padrino de generaci\u00f3n,<br \/>\nqueremos que nos apoyes, queremos que nos respaldes.<\/p>\n<p>\u00bfY saben qu\u00e9 les digo a esos j\u00f3venes? Que<br \/>\nlo hago con mucho gusto y que es un honor y una distinci\u00f3n para m\u00ed, pero quiero<br \/>\nque escuchen esto que es muy importante, quiero que escuchen esto que es muy<br \/>\nimportante para ustedes. En este tiempo y en este momento, lo dijo Ricardo y lo<br \/>\ndijo Ezequiel, a lo mejor muchos de ustedes es la primera vez que tienen un<br \/>\nequipamiento; aqu\u00ed hay j\u00f3venes, mujeres y hombres muy humildes, de comunidades<br \/>\napartadas, de comunidades muy humildes, y cuando recorro todo el Estado, saludo<br \/>\ny estoy con j\u00f3venes de comunidades muy humildes como muchos de los que pueden<br \/>\nestar aqu\u00ed.<\/p>\n<p>\u00bfY saben qu\u00e9 les digo a esos j\u00f3venes?<br \/>\nComo se los digo hoy a ustedes, tengan car\u00e1cter, tengan voluntad, tengan<br \/>\nactitud, no se achiquen ante nada. Ustedes son gente comprometida y<br \/>\ntrabajadora, tengan esa voluntad inquebrantable\u2026 \u00bfY por qu\u00e9 se los digo? Porque<br \/>\ntienen que sentirse muy orgullosos de d\u00f3nde vienen, muy orgullosos de sus<br \/>\nfamilias, muy orgullosos de sus padres porque me he topado con muchos de<br \/>\nustedes y cuando voy a las comunidades hay muchos j\u00f3venes como ustedes que<br \/>\norgullosamente, hay que decirlo, son hijos de pescadores, son hijos de<br \/>\nalba\u00f1iles, son hijos de campesinos, son hijos de ejidatarios.<\/p>\n<p>Y hay que sentirse muy orgullosos de<br \/>\ndonde viene uno\u2026 \u00bfY saben por qu\u00e9 se los digo? Porque para m\u00ed no fue f\u00e1cil, a<br \/>\nm\u00ed nadie me ha regalado nada, como a ustedes nadie les ha regalado nada. A m\u00ed<br \/>\nme cost\u00f3 much\u00edsimo trabajo llegar a ser Gobernador\u2026 Fui diputado federal de 26<br \/>\na\u00f1os, senador de la Rep\u00fablica de 29, Gobernador de este Estado de 40 a\u00f1os y eso<br \/>\nfue gracias al trabajo en equipo, a la dedicaci\u00f3n y al tener voluntad<br \/>\ninquebrantable como lo s\u00e9 que lo tiene cada uno de ustedes.<\/p>\n<p>Por eso, si\u00e9ntanse muy orgullosos de<br \/>\ndonde vienen, por m\u00e1s humilde que uno sea, porque cuando llego a las<br \/>\ncomunidades y me dicen: Gobernador, quiero que sea nuestro padrino de<br \/>\ngeneraci\u00f3n; les digo que con mucho gusto y s\u00f3lo les pongo un requisito, un<br \/>\nrequisito, un requisito muy sencillo, que inviten a sus padres el d\u00eda que<br \/>\nterminan esta etapa de estudios en su vida.<\/p>\n<p>\u00bfY saben por qu\u00e9 se los pido? Porque a<br \/>\nese joven, cuando le doy el documento de culminaci\u00f3n de estudios,<br \/>\norgullosamente le digo: tu padre, campesino, o tu madre; ejidatario, pescador,<br \/>\nalba\u00f1il, pero gracias a ellos, gracias a su trabajo, gracias al sacrificio de<br \/>\ntus pap\u00e1s, t\u00fa vas a ser profesionista.<\/p>\n<p>Y todos ustedes van a ser profesionistas,<br \/>\npor eso un reconocimiento a todos los pap\u00e1s y a las mam\u00e1s que est\u00e1n aqu\u00ed,<br \/>\nporque gracias a ellos ustedes se preparan\u2026 ustedes trabajan en beneficio de la<br \/>\nfamilia. As\u00ed que, \u00e9chenle ganas, prep\u00e1rense \u00a1Y arriba el Cobacam! \u00a1Con todo!<\/p><\/p>\n","protected":false},"excerpt":{"rendered":"<p>Entrega m\u00e1s de mil 300 Chromebook y 360 computadoras Endles.<\/p>\n","protected":false},"author":1018,"featured_media":0,"comment_status":"open","ping_status":"open","sticky":false,"template":"","format":"standard","meta":{"tdm_status":"","tdm_grid_status":"","footnotes":""},"categories":[27],"tags":[],"_links":{"self":[{"href":"https:\/\/dralvarez.com.mx\/larevista\/wp-json\/wp\/v2\/posts\/63513"}],"collection":[{"href":"https:\/\/dralvarez.com.mx\/larevista\/wp-json\/wp\/v2\/posts"}],"about":[{"href":"https:\/\/dralvarez.com.mx\/larevista\/wp-json\/wp\/v2\/types\/post"}],"author":[{"embeddable":true,"href":"https:\/\/dralvarez.com.mx\/larevista\/wp-json\/wp\/v2\/users\/1018"}],"replies":[{"embeddable":true,"href":"https:\/\/dralvarez.com.mx\/larevista\/wp-json\/wp\/v2\/comments?post=63513"}],"version-history":[{"count":0,"href":"https:\/\/dralvarez.com.mx\/larevista\/wp-json\/wp\/v2\/posts\/63513\/revisions"}],"wp:attachment":[{"href":"https:\/\/dralvarez.com.mx\/larevista\/wp-json\/wp\/v2\/media?parent=63513"}],"wp:term":[{"taxonomy":"category","embeddable":true,"href":"https:\/\/dralvarez.com.mx\/larevista\/wp-json\/wp\/v2\/categories?post=63513"},{"taxonomy":"post_tag","embeddable":true,"href":"https:\/\/dralvarez.com.mx\/larevista\/wp-json\/wp\/v2\/tags?post=63513"}],"curies":[{"name":"wp","href":"https:\/\/api.w.org\/{rel}","templated":true}]}}