{"id":63511,"date":"2018-03-23T00:00:00","date_gmt":"2018-03-23T06:00:00","guid":{"rendered":"https:\/\/dralvarez.com.mx\/larevista\/blog\/christelle-castanon-de-moreno-inaugura-la-gran-feria-familiar-alimentaria-2018-en-la-plaza-de-la-republica-23283"},"modified":"2018-03-23T00:00:00","modified_gmt":"2018-03-23T06:00:00","slug":"christelle-castanon-de-moreno-inaugura-la-gran-feria-familiar-alimentaria-2018-en-la-plaza-de-la-republica-23283","status":"publish","type":"post","link":"https:\/\/dralvarez.com.mx\/larevista\/compeche\/christelle-castanon-de-moreno-inaugura-la-gran-feria-familiar-alimentaria-2018-en-la-plaza-de-la-republica-23283","title":{"rendered":"Christelle Casta\u00f1\u00f3n de Moreno inaugura la Gran Feria Familiar Alimentaria 2018 en la Plaza de la Rep\u00fablica"},"content":{"rendered":"<p>M\u00e1s de cuatro mil 500 personas disfrutaron de la \u201cGran Feria Familiar Alimentaria 2018\u201d, que cumpli\u00f3 con el objetivo de fortalecer la econom\u00eda de las familias campechanas al brindar productos b\u00e1sicos a bajo costo, en un ambiente de aprendizaje para la producci\u00f3n de alimentos en huertos familiares, siendo inaugurada por la Presidenta del Patronato del DIF Estatal, Christelle Casta\u00f1\u00f3n de Moreno, en la Plaza de Rep\u00fablica, acompa\u00f1ada de las autoridades de todos los niveles de gobierno.<\/p>\n<p>La Gran Feria Familiar Alimentaria es un \u00e1rea familiar y de sano esparcimiento, donde se instal\u00f3 el circuito saludable, de informaci\u00f3n de servicios, venta de productos de la canasta b\u00e1sica a bajo costo, venta de platillos de producto marino y t\u00edpicos a bajo costo  mientras que alternativamente se desarrollaba un festival art\u00edstico-cultural.<\/p>\n<p>La Presidenta del Patronato del DIF Estatal signific\u00f3 que la Gran Feria Familiar Alimentaria es un esfuerzo coordinado entre 22 instancias federales, estatales, municipales y privadas, que se suman para fortalecer la econom\u00eda de las familias campechanas, por medio de diversas acciones como la venta de productos de la canasta b\u00e1sica a bajo costo, stands de orientaci\u00f3n alimentaria, degustaci\u00f3n de platillos saludables, actividades l\u00fadicas de convivencia para las familias y stands de elaboraci\u00f3n de huertos familiares.<\/p>\n<p>Adem\u00e1s de concursos y rifas de electrodom\u00e9sticos, juguetes, una motocicleta y un autom\u00f3vil, estos \u00faltimos del sorteo denominado \u201cGrande de Coraz\u00f3n\u201d, cabe mencionar que lo recaudado por la venta de boletos se destinar\u00e1 para los programas sociales que realiza el DIF Estatal.<\/p>\n<p>Asimismo, el ganador del sorteo \u201cGrande de Coraz\u00f3n\u201d del carro Aveo fue el folio 0069, y de la moto Italika, el folio 1015, sorteo que se realiz\u00f3 bajo la supervisi\u00f3n del interventor de la Secretaria de Gobernaci\u00f3n, Arabel Maga\u00f1a F\u00e9lix.<\/p>\n<p>Casta\u00f1\u00f3n de Moreno reiter\u00f3 su agradecimiento a todos los que sumaron esfuerzos junto con el DIF para buscar acciones que beneficien a las familias, compromiso que impulsa el Gobernador del Estado, Alejandro Moreno C\u00e1rdenas, y que cuenta con el total respaldo del Presidente de la Rep\u00fablica, Enrique Pe\u00f1a Nieto, y de su esposa, Ang\u00e9lica Rivera de Pe\u00f1a.<\/p>\n<p>Las instituciones participantes fueron la Secretar\u00eda de Desarrollo Social (SEDESOL); DICONSA; LICONSA; Secretar\u00eda de Agricultura, Ganader\u00eda, Desarrollo Rural, Pesca y Alimentaci\u00f3n (SAGARPA); Comisi\u00f3n Nacional Forestal (CONAFOR); Procuradur\u00eda Federal del Consumidor (PROFECO); Administraci\u00f3n Portuaria Integral de Campeche (APICAM); Universidad Aut\u00f3noma de Campeche (UAC); Universidad Guadalupe Victoria; Secretar\u00eda de Marina (SEMAR); Secretar\u00eda de Pesca y Acuacultura (SEPESCA); Secretar\u00eda de Educaci\u00f3n (SEDUC); Secretar\u00eda de Salud; Secretar\u00eda de Medio Ambiente y Recursos Naturales de Campeche (SEMARNATCAM); Secretar\u00eda de Cultura (SECULT); Secretar\u00eda de Desarrollo Social y Humano (SEDESYH); Secretar\u00eda de Desarrollo Rural (SDR); Secretar\u00eda de Desarrollo Econ\u00f3mico (SEDECO); Sistema Municipal DIF Campeche; H. Ayuntamiento de Campeche;  la empresa TUNONI y los 10 Centros de Desarrollo Comunitario (CDC) que vendieron pescado y el DIF Hopelch\u00e9n, que organiz\u00f3 el arranque de la Feria de Cuaresma 2018.<\/p>\n<p>Como parte de la feria, la Presidenta del Patronato junto con la Directora del DIF, Silvia Elena Parrao Arceo, entreg\u00f3 los electrodom\u00e9sticos a sus respectivos ganadores; asimismo, al evento asistieron representantes de los diferentes niveles de gobierno, titulares de los Grupos de Participaci\u00f3n  Ciudadana (GPC), integrantes del patronato y cientos de familias que disfrutaron por horas de la convivencia.<\/p>\n","protected":false},"excerpt":{"rendered":"<p>M\u00e1s de cuatro mil 500 personas disfrutaron de la \u201cGran Feria Familiar Alimentaria 2018\u201d.<\/p>\n","protected":false},"author":1018,"featured_media":0,"comment_status":"open","ping_status":"open","sticky":false,"template":"","format":"standard","meta":{"tdm_status":"","tdm_grid_status":"","footnotes":""},"categories":[27],"tags":[],"_links":{"self":[{"href":"https:\/\/dralvarez.com.mx\/larevista\/wp-json\/wp\/v2\/posts\/63511"}],"collection":[{"href":"https:\/\/dralvarez.com.mx\/larevista\/wp-json\/wp\/v2\/posts"}],"about":[{"href":"https:\/\/dralvarez.com.mx\/larevista\/wp-json\/wp\/v2\/types\/post"}],"author":[{"embeddable":true,"href":"https:\/\/dralvarez.com.mx\/larevista\/wp-json\/wp\/v2\/users\/1018"}],"replies":[{"embeddable":true,"href":"https:\/\/dralvarez.com.mx\/larevista\/wp-json\/wp\/v2\/comments?post=63511"}],"version-history":[{"count":0,"href":"https:\/\/dralvarez.com.mx\/larevista\/wp-json\/wp\/v2\/posts\/63511\/revisions"}],"wp:attachment":[{"href":"https:\/\/dralvarez.com.mx\/larevista\/wp-json\/wp\/v2\/media?parent=63511"}],"wp:term":[{"taxonomy":"category","embeddable":true,"href":"https:\/\/dralvarez.com.mx\/larevista\/wp-json\/wp\/v2\/categories?post=63511"},{"taxonomy":"post_tag","embeddable":true,"href":"https:\/\/dralvarez.com.mx\/larevista\/wp-json\/wp\/v2\/tags?post=63511"}],"curies":[{"name":"wp","href":"https:\/\/api.w.org\/{rel}","templated":true}]}}