{"id":63509,"date":"2018-03-23T00:00:00","date_gmt":"2018-03-23T06:00:00","guid":{"rendered":"https:\/\/dralvarez.com.mx\/larevista\/blog\/gobernador-amc-devela-busto-de-luis-donaldo-colosio-23281"},"modified":"2018-03-23T00:00:00","modified_gmt":"2018-03-23T06:00:00","slug":"gobernador-amc-devela-busto-de-luis-donaldo-colosio-23281","status":"publish","type":"post","link":"https:\/\/dralvarez.com.mx\/larevista\/compeche\/gobernador-amc-devela-busto-de-luis-donaldo-colosio-23281","title":{"rendered":"Gobernador  AMC devela busto de Luis Donaldo Colosio"},"content":{"rendered":"<p>En el marco del XXIV aniversario luctuoso de Luis Donaldo Colosio Murrieta, el gobernador  Alejandro Moreno C\u00e1rdenas devel\u00f3 el busto que fue erigido en memoria del pol\u00edtico mexicano en la glorieta de la avenida que lleva el nombre del extinto sonorense. En la sencilla ceremonia tambi\u00e9n estuvieron presentes el titular del Poder Legislativo, Ram\u00f3n M\u00e9ndez Lanz; el alcalde de Campeche, Edgar Hern\u00e1ndez Hern\u00e1ndez y diputados locales.<\/p>\n","protected":false},"excerpt":{"rendered":"<p>XXIV aniversario luctuoso de Luis Donaldo Colosio Murrieta.<\/p>\n","protected":false},"author":1018,"featured_media":0,"comment_status":"open","ping_status":"open","sticky":false,"template":"","format":"standard","meta":{"tdm_status":"","tdm_grid_status":"","footnotes":""},"categories":[27],"tags":[],"_links":{"self":[{"href":"https:\/\/dralvarez.com.mx\/larevista\/wp-json\/wp\/v2\/posts\/63509"}],"collection":[{"href":"https:\/\/dralvarez.com.mx\/larevista\/wp-json\/wp\/v2\/posts"}],"about":[{"href":"https:\/\/dralvarez.com.mx\/larevista\/wp-json\/wp\/v2\/types\/post"}],"author":[{"embeddable":true,"href":"https:\/\/dralvarez.com.mx\/larevista\/wp-json\/wp\/v2\/users\/1018"}],"replies":[{"embeddable":true,"href":"https:\/\/dralvarez.com.mx\/larevista\/wp-json\/wp\/v2\/comments?post=63509"}],"version-history":[{"count":0,"href":"https:\/\/dralvarez.com.mx\/larevista\/wp-json\/wp\/v2\/posts\/63509\/revisions"}],"wp:attachment":[{"href":"https:\/\/dralvarez.com.mx\/larevista\/wp-json\/wp\/v2\/media?parent=63509"}],"wp:term":[{"taxonomy":"category","embeddable":true,"href":"https:\/\/dralvarez.com.mx\/larevista\/wp-json\/wp\/v2\/categories?post=63509"},{"taxonomy":"post_tag","embeddable":true,"href":"https:\/\/dralvarez.com.mx\/larevista\/wp-json\/wp\/v2\/tags?post=63509"}],"curies":[{"name":"wp","href":"https:\/\/api.w.org\/{rel}","templated":true}]}}