{"id":63496,"date":"2018-03-23T00:00:00","date_gmt":"2018-03-23T06:00:00","guid":{"rendered":"https:\/\/dralvarez.com.mx\/larevista\/blog\/gobernador-amc-entrega-infraestructura-educativa-en-el-tecnologico-de-lerma-por-56-mdp-23268"},"modified":"2018-03-23T00:00:00","modified_gmt":"2018-03-23T06:00:00","slug":"gobernador-amc-entrega-infraestructura-educativa-en-el-tecnologico-de-lerma-por-56-mdp-23268","status":"publish","type":"post","link":"https:\/\/dralvarez.com.mx\/larevista\/compeche\/gobernador-amc-entrega-infraestructura-educativa-en-el-tecnologico-de-lerma-por-56-mdp-23268","title":{"rendered":"Gobernador AMC entrega infraestructura educativa en el Tecnol\u00f3gico de Lerma por 5.6 mdp"},"content":{"rendered":"<\/p>\n<p><b><i><\/i><\/b><\/p>\n<blockquote><p><b><i>Da inicio a la etapa estatal del<br \/>\ndesaf\u00edo tecnol\u00f3gico F1 in schools.&nbsp;<\/i><\/b><\/p><\/blockquote>\n<p><b><\/b><\/p>\n<p>El gobernador Alejandro Moreno C\u00e1rdenas inaugur\u00f3 el techado de dos canchas de b\u00e1squetbol y una cancha de f\u00fatbol r\u00e1pido en el Instituto Tecnol\u00f3gico de Lerma, donde se invirtieron recursos federales por cinco millones 600 mil pesos, y dio inicio a la etapa estatal del desaf\u00edo tecnol\u00f3gico F1 in schools con la participaci\u00f3n de 86 estudiantes y maestros de 12 escuder\u00edas del Colegio de Estudios Cient\u00edficos y Tecnol\u00f3gicos del Estado de Campeche, Colegio de Bachilleres, Centro de Bachillerato Tecnol\u00f3gico Industrial y de Servicios # 9, Colegio Nacional de Educaci\u00f3n Profesional T\u00e9cnica y las universidades aut\u00f3nomas de Carmen y Campeche.<\/p>\n<p>Tras realizar, en compa\u00f1\u00eda del secretario de Educaci\u00f3n, Ricardo Medina Farf\u00e1n, el corte del list\u00f3n inaugural de las obras de mejoramiento y ampliaci\u00f3n de la instituci\u00f3n de educaci\u00f3n superior, con lo que cumple un compromiso que hizo con la comunidad estudiantil en febrero de 2017, el mandatario convoc\u00f3 a los j\u00f3venes a esforzarse, tener firme la convicci\u00f3n de triunfo y continuar trabajando en equipo para aprovechar las oportunidades que le brindan sus padres y los programas de apoyo acad\u00e9mico para que se preparen mejor.<\/p>\n<p>Se\u00f1al\u00f3 que el desaf\u00edo tecnol\u00f3gico F1 pone a prueba la capacidad, dedicaci\u00f3n y preparaci\u00f3n de los j\u00f3venes estudiantes, pero tambi\u00e9n ofrece la oportunidad de demostrar que los campechanos son ganadores y tienen voluntad inquebrantable, actitud y firmeza ante los retos.<\/p>\n<p>Asimismo, reiter\u00f3 que con el respaldo del presidente Enrique Pe\u00f1a Nieto se continuar\u00e1 apoyando la formaci\u00f3n acad\u00e9mica de los j\u00f3venes con mejor infraestructura y m\u00e1s equipamiento.<\/p>\n<p>Previamente, Medina Farf\u00e1n se\u00f1al\u00f3 que con el apoyo de las autoridades estatales por segundo a\u00f1o consecutivo se lleva a cabo el desaf\u00edo tecnologico F1 in schools,  pues es un proyecto internacional que alienta la creatividad, el talento y el emprendimiento de los j\u00f3venes.  <\/p>\n<p>Destac\u00f3 la creciente participaci\u00f3n en la competencia tanto de planteles, como de mujeres estudiantes quienes demuestran que hay m\u00e1s inter\u00e9s por el tema tecnol\u00f3gico y tienen mucho que aportar en el \u00e1mbito de las ciencias y la ingenier\u00eda.<\/p>\n<p>Mientras, el director general del Instituto Tecnol\u00f3gico de Lerma, Javier Garc\u00eda Gonz\u00e1lez, dijo que Moreno C\u00e1rdenas es un gobernante que cumple su palabra, pues en febrero del a\u00f1o pasado se comprometi\u00f3 a modernizar la infraestructura del centro educativo y hoy es una realidad que responde a a\u00f1ejas demandas de los directivos, maestros y estudiantes.<\/p>\n<p>Por su parte, el presidente de la Fundaci\u00f3n Persiste A.C., H\u00e9ctor Tello Garc\u00eda, coment\u00f3 que realizar el desaf\u00edo tecnol\u00f3gico en el estado es muestra del inter\u00e9s que hay por complementar la vocaci\u00f3n de los bachilleres en estudios relacionados con la ciencia y tecnolog\u00eda, ya que Campeche funda su gran potencial econ\u00f3mico en actividades que tienen que ver con el petr\u00f3leo y la miner\u00eda.<\/p>\n<p>Al t\u00e9rmino de la ceremonia, Moreno C\u00e1rdenas dio inicio a la fase estatal del desaf\u00edo tecnol\u00f3gico F1 in schools, activando los prototipos a escala de autos de carrera de la F\u00f3rmula 1, elaborados por el equipo \u201cTeam Dolphin\u201d de la Escuela Preparatoria \u201cManuel Garc\u00eda Pinto\u201d de la Unacar, campus Sabancuy.<\/p>\n<p>La competencia estudiantil es una iniciativa realizada con el apoyo del Conacyt y la Fundaci\u00f3n Persiste A.C., con el objetivo de fomentar entre la juventud el inter\u00e9s por la ciencia, la tecnolog\u00eda, las matem\u00e1ticas y la manufactura, emulando los procesos por los que tiene que pasar una escuder\u00eda de la F\u00f3rmula 1 para dise\u00f1ar, analizar, fabricar, probar y correr un veh\u00edculo de carrera miniatura en una pista de 20 metros de largo.<\/p>\n<p>El encuentro tambi\u00e9n propicia la competencia para que los j\u00f3venes fortalalezcan sus habilidades de comunicaci\u00f3n, liderazgo, trabajo en equipo y desarrollen su creatividad y conocimientos.<\/p>\n<p>De las 12 escuder\u00edas que participan, ocho lo hacen en la categor\u00eda \u201cdesarrollo\u201d y cuatro en la \u201cprofesional\u201d, presentando prototipos de autos de carrera elaborados por un bloque de poliuretano impulsando por un tanque de CO2. En la competencia los jueces califican: dise\u00f1o de ingenier\u00eda, integraci\u00f3n de equipo, velocidad del veh\u00edculo y tiempo de reacci\u00f3n, entre otros aspectos.<\/p>\n<p>Los equipos que resulten ganadores adquieren su pase a la etapa nacional que se llevar\u00e1 a cabo en el mes de mayo en el Aut\u00f3dromo Hermanos Rodr\u00edguez, en la Ciudad de M\u00e9xico, y los que resulten triunfadores en esa fase tendr\u00e1n derecho a asistir a la competencia mundial a realizarse en Singapur. <\/p>\n<p>Asistieron al evento, los delegados de la SEP, Rafael Alcal\u00e1 Ortiz, y del Coesicydet, Carlos Rodr\u00edguez Cabrera; el rector de la UAC, Gerardo Montero P\u00e9rez, y las directoras generales del Cecytec, Cindy Saravia L\u00f3pez y del Cobacam, Adlemi Santiago Ram\u00edrez, entre otras autoridades.<\/p>\n<p><b>Palabras del Gobernador del Estado, Alejandro Moreno C\u00e1rdenas<\/b><\/p>\n<p>Hemos escuchado con mucha atenci\u00f3n a todos quienes han hecho uso de la palabra, del apoyo, del trabajo en equipo que hacemos para desarrollar estos programas, para seguir respaldando y apoyando a nuestros j\u00f3venes y queremos escuchar, no s\u00f3lo ese \u00e1nimo de todos y cada uno de ustedes, sino tener claro que s\u00f3lo trabajando en equipo, con dedicaci\u00f3n como lo hacen todos los d\u00edas, vamos a alcanzar las mejores metas que ustedes se pongan por delante.<\/p>\n<p>Por eso, en este gran evento, en este gran evento donde est\u00e1, a toda prueba su capacidad, su dedicaci\u00f3n, su preparaci\u00f3n y las ganas, no s\u00f3lo de tener m\u00e1s y mejores oportunidades, sino de demostrar y dejar claro de qu\u00e9 son capaces de hacer los j\u00f3venes campechanos. <br \/>Algo muy importante dijo Perla ahorita, son unos ganadores todos ustedes, todos los que est\u00e1n aqu\u00ed ya son ganadores, y por ello, lo m\u00e1s importante hoy es cumplir, cumplir con cada uno de nuestros objetivos, tener una voluntad inquebrantable, tener actitud y firmeza ante la vida y ante los retos que tenemos por delante. Aqu\u00ed estuve hace unos meses, y cuando me reun\u00eda con j\u00f3venes como ustedes, j\u00f3venes estudiantes como ustedes, en estas mismas canchas, no ten\u00edan estas canchas techadas.<\/p>\n<p>Los j\u00f3venes tienen que tener m\u00e1s infraestructura, mejor infraestructura, m\u00e1s equipamiento, m\u00e1s oportunidades, porque yo siempre he dicho, que los j\u00f3venes campechanos no s\u00f3lo estamos para alcanzar peque\u00f1as metas, los j\u00f3venes campechanos, los j\u00f3venes como ustedes est\u00e1n listos para alcanzar las m\u00e1s grandes metas que se pongan por delante, y eso depende de todos y cada uno de ustedes.<\/p>\n<p>Siempre se los digo a todos los j\u00f3venes, siempre se lo digo a los campechanos en todos los rincones del Estado; nadie nos va a regalar nada y nadie va hacer por nosotros lo que nos toca hacer, el mayor reconocimiento es \u00e9ste, es que est\u00e1n aqu\u00ed, porque ustedes est\u00e1n aqu\u00ed gracias a su esfuerzo, gracias a su apoyo permanente de trabajo en equipo, gracias a su dedicaci\u00f3n, gracias a que tienen una firme convicci\u00f3n de ser triunfadores y ganadores. Siempre me preguntan, cuando voy y me re\u00fano con j\u00f3venes como ustedes, \u201coye gobernador, cu\u00e1l es la clave del \u00e9xito, me dicen; y yo siempre les digo, pues si tuviera la clave del \u00e9xito ya hubiera hecho un libro, me hubiera vuelto millonario y ya no seria gobernador\u201d. <\/p>\n<p>Pero qu\u00e9 s\u00ed les digo a los j\u00f3venes , la clave del \u00e9xito, si pudiera haber una clave del \u00e9xito, es su dedicaci\u00f3n, es su actitud, es su confianza y es su seguridad; y eso depende de cada uno de ustedes, aqu\u00ed hay j\u00f3venes de muchos lugares, de muchas colonias, de muchos fraccionamientos, de muchos barrios, que tienen muchas necesidades tambi\u00e9n, pero que hoy est\u00e1n aqu\u00ed gracias a ese compromiso, no s\u00f3lo del Gobierno del Estado y del Gobierno de la Rep\u00fablica de apoyarlos y respaldarlos con m\u00e1s y mejores oportunidades, est\u00e1n aqu\u00ed gracias al respaldo y al apoyo de sus padres.<\/p>\n<p>Quiero terminar dici\u00e9ndoles, si\u00e9ntanse muy orgullosos de donde vienen, si\u00e9ntanse muy orgullosos de lo que est\u00e1n haciendo, si\u00e9ntanse muy orgullosos de su Estado, presumamos a Campeche, presumamos a los j\u00f3venes campechanos, presumamos lo que son posible, lo que son ustedes posible cuando trabajan en equipo y trabajan juntos.<\/p>\n<p>Siempre le comparto a los j\u00f3venes que para su amigo Alejandro Moreno la palabra imposible no existe, esa palabra no hay que ni pensarla, hay que tener siempre una convicci\u00f3n permanente de que cuando se quiere, se puede; siempre he dicho que para logar lo que nunca hemos tenido tenemos que hacer lo que nunca hemos hecho, y eso est\u00e1 en ustedes, en el \u00e1nimo, en el esp\u00edritu, en la convicci\u00f3n, en la fortaleza y en la firmeza.<\/p>\n<p>Todos ustedes son gente de familias modestas, de familias campechanas, de familias integradas por mujeres y hombres de trabajo, por sus pap\u00e1s, por sus hermanos; gente esforzada, siempre lo digo porque lo tengo muy claro y muy presente. A m\u00ed como a ustedes, nadie me regal\u00f3 nada, a m\u00ed me cost\u00f3 much\u00edsimo trabajo llegar a ser gobernador; no tuve pap\u00e1 rico ni pap\u00e1 pol\u00edtico, me prepar\u00e9, estudi\u00e9, trabaj\u00e9 todos los d\u00edas y alcanc\u00e9 los objetivos que me he puesto por delante.<br \/>Tengo la plena convicci\u00f3n y estoy convencido, que los mejores j\u00f3venes de la historia, los mejores j\u00f3venes campechanos, son esta generaci\u00f3n, son ustedes, as\u00ed que hoy se los digo, me siento muy, muy orgulloso de los j\u00f3venes campechanos, muy orgulloso de ustedes porque s\u00e9 que van a seguir poniendo muy en alto el nombre de Campeche, as\u00ed que, vamos a echarle para delante, chavos, y que gane el mejor. <\/p>\n","protected":false},"excerpt":{"rendered":"<p>Da inicio a la etapa estatal del desaf\u00edo tecnol\u00f3gico F1 in schools.<\/p>\n","protected":false},"author":1018,"featured_media":0,"comment_status":"open","ping_status":"open","sticky":false,"template":"","format":"standard","meta":{"tdm_status":"","tdm_grid_status":"","footnotes":""},"categories":[27],"tags":[],"_links":{"self":[{"href":"https:\/\/dralvarez.com.mx\/larevista\/wp-json\/wp\/v2\/posts\/63496"}],"collection":[{"href":"https:\/\/dralvarez.com.mx\/larevista\/wp-json\/wp\/v2\/posts"}],"about":[{"href":"https:\/\/dralvarez.com.mx\/larevista\/wp-json\/wp\/v2\/types\/post"}],"author":[{"embeddable":true,"href":"https:\/\/dralvarez.com.mx\/larevista\/wp-json\/wp\/v2\/users\/1018"}],"replies":[{"embeddable":true,"href":"https:\/\/dralvarez.com.mx\/larevista\/wp-json\/wp\/v2\/comments?post=63496"}],"version-history":[{"count":0,"href":"https:\/\/dralvarez.com.mx\/larevista\/wp-json\/wp\/v2\/posts\/63496\/revisions"}],"wp:attachment":[{"href":"https:\/\/dralvarez.com.mx\/larevista\/wp-json\/wp\/v2\/media?parent=63496"}],"wp:term":[{"taxonomy":"category","embeddable":true,"href":"https:\/\/dralvarez.com.mx\/larevista\/wp-json\/wp\/v2\/categories?post=63496"},{"taxonomy":"post_tag","embeddable":true,"href":"https:\/\/dralvarez.com.mx\/larevista\/wp-json\/wp\/v2\/tags?post=63496"}],"curies":[{"name":"wp","href":"https:\/\/api.w.org\/{rel}","templated":true}]}}