{"id":63447,"date":"2018-03-22T00:00:00","date_gmt":"2018-03-22T06:00:00","guid":{"rendered":"https:\/\/dralvarez.com.mx\/larevista\/blog\/christelle-castanon-de-moreno-visita-a-ninos-ninas-y-madres-de-familia-en-gira-por-el-municipio-de-carmen-23219"},"modified":"2018-03-22T00:00:00","modified_gmt":"2018-03-22T06:00:00","slug":"christelle-castanon-de-moreno-visita-a-ninos-ninas-y-madres-de-familia-en-gira-por-el-municipio-de-carmen-23219","status":"publish","type":"post","link":"https:\/\/dralvarez.com.mx\/larevista\/compeche\/christelle-castanon-de-moreno-visita-a-ninos-ninas-y-madres-de-familia-en-gira-por-el-municipio-de-carmen-23219","title":{"rendered":"Christelle Casta\u00f1\u00f3n de Moreno visita a ni\u00f1os, ni\u00f1as y madres de familia en gira por el municipio de Carmen"},"content":{"rendered":"<p>La Presidenta del Patronato del DIF Estatal, Christelle Casta\u00f1\u00f3n de Moreno, hizo llegar obsequios a m\u00e1s de 800 ni\u00f1as y ni\u00f1os de las escuelas primarias \u201cRam\u00f3n G. Bonfil\u201d y \u201cJosefa Ortiz de Dom\u00ednguez\u201d en el municipio de Carmen, como parte de la gira del D\u00eda del Ni\u00f1o y de la Madre; adem\u00e1s, entreg\u00f3 kits deportivos, juguetes y enseres de cocina.<\/p>\n<p>Cabe se\u00f1alar que la visita a las escuelas es organizada por el Sistema DIF Estatal, a trav\u00e9s de la Direcci\u00f3n de Desarrollo Familiar y Voluntariado, para celebrar a las ni\u00f1as y ni\u00f1os y hacerles sentir que su desarrollo y protecci\u00f3n es prioridad para el Gobierno que encabeza Alejandro Moreno C\u00e1rdenas.<\/p>\n<p>La Presidenta del DIF Estatal exhort\u00f3 a los ni\u00f1os y ni\u00f1as a ser siempre buenos, estudiosos y respetuosos, y expres\u00f3 su deseo de que disfruten mucho todas las celebraciones en su d\u00eda, que oficialmente ser\u00e1 el 30 de abril.<\/p>\n<p>Asimismo, al despedirse de las ni\u00f1as y ni\u00f1os, los motiv\u00f3 a continuar estudiando para ser cada d\u00eda mejores personas, y reafirm\u00f3 el compromiso de su esposo, el Gobernador del Estado, Alejandro Moreno C\u00e1rdenas, de continuar promoviendo programas para el desarrollo integral de la ni\u00f1ez.<\/p>\n<p>En la Gira del D\u00eda del Ni\u00f1o, Casta\u00f1\u00f3n de Moreno, acompa\u00f1ada por la Directora General del DIF, Silvia Elena Parrao Arceo, fue recibida en el municipio de Carmen por el alcalde Pablo Guti\u00e9rrez Lazarus, as\u00ed como por la Presidenta del Sistema DIF Municipal, Rosemarie Lazarus Jaber; la Directora de Desarrollo Familiar y Voluntariado, Sonia Castilla Trevi\u00f1o, y dem\u00e1s autoridades educativas y municipales.<\/p>\n","protected":false},"excerpt":{"rendered":"<p>Hizo llegar obsequios a m\u00e1s de 800 ni\u00f1as y ni\u00f1os de las escuelas primarias \u201cRam\u00f3n G. Bonfil\u201d y \u201cJosefa Ortiz de Dom\u00ednguez\u201d en el municipio de Carmen.<\/p>\n","protected":false},"author":1018,"featured_media":0,"comment_status":"open","ping_status":"open","sticky":false,"template":"","format":"standard","meta":{"tdm_status":"","tdm_grid_status":"","footnotes":""},"categories":[27],"tags":[],"_links":{"self":[{"href":"https:\/\/dralvarez.com.mx\/larevista\/wp-json\/wp\/v2\/posts\/63447"}],"collection":[{"href":"https:\/\/dralvarez.com.mx\/larevista\/wp-json\/wp\/v2\/posts"}],"about":[{"href":"https:\/\/dralvarez.com.mx\/larevista\/wp-json\/wp\/v2\/types\/post"}],"author":[{"embeddable":true,"href":"https:\/\/dralvarez.com.mx\/larevista\/wp-json\/wp\/v2\/users\/1018"}],"replies":[{"embeddable":true,"href":"https:\/\/dralvarez.com.mx\/larevista\/wp-json\/wp\/v2\/comments?post=63447"}],"version-history":[{"count":0,"href":"https:\/\/dralvarez.com.mx\/larevista\/wp-json\/wp\/v2\/posts\/63447\/revisions"}],"wp:attachment":[{"href":"https:\/\/dralvarez.com.mx\/larevista\/wp-json\/wp\/v2\/media?parent=63447"}],"wp:term":[{"taxonomy":"category","embeddable":true,"href":"https:\/\/dralvarez.com.mx\/larevista\/wp-json\/wp\/v2\/categories?post=63447"},{"taxonomy":"post_tag","embeddable":true,"href":"https:\/\/dralvarez.com.mx\/larevista\/wp-json\/wp\/v2\/tags?post=63447"}],"curies":[{"name":"wp","href":"https:\/\/api.w.org\/{rel}","templated":true}]}}