{"id":63446,"date":"2018-03-22T00:00:00","date_gmt":"2018-03-22T06:00:00","guid":{"rendered":"https:\/\/dralvarez.com.mx\/larevista\/blog\/alcalde-ehh-inaugura-calles-integrales-en-la-uh-plan-chac-23218"},"modified":"2018-03-22T00:00:00","modified_gmt":"2018-03-22T06:00:00","slug":"alcalde-ehh-inaugura-calles-integrales-en-la-uh-plan-chac-23218","status":"publish","type":"post","link":"https:\/\/dralvarez.com.mx\/larevista\/compeche\/alcalde-ehh-inaugura-calles-integrales-en-la-uh-plan-chac-23218","title":{"rendered":"Alcalde EHH inaugura calles integrales en la U.H. Plan Chac"},"content":{"rendered":"<\/p>\n<p>Al inaugurar la<br \/>\nreconstrucci\u00f3n de calles con concreto hidr\u00e1ulico en la unidad habitacional Plan<br \/>\nChac, con un monto de inversi\u00f3n total de poco m\u00e1s de 5.5 millones de pesos, el<br \/>\nalcalde de Campeche, Edgar Hern\u00e1ndez Hern\u00e1ndez signific\u00f3 que con las obras<br \/>\nintegrales que su administraci\u00f3n realiza, se han reducido los padecimientos por<br \/>\ninundaciones que se sufr\u00edan en esta zona de la ciudad.<\/p>\n<p>En Plan Chac, acompa\u00f1ado<br \/>\nde Regidores y S\u00edndicos y vecinos del lugar, Hern\u00e1ndez Hern\u00e1ndez inaugur\u00f3 la<br \/>\nreconstrucci\u00f3n de las calles Xpujil, avenida Kal\u00e1 y calle Chican\u00e1 en un total<br \/>\nde 4 mil 773 metros cuadrados con concreto hidr\u00e1ulico, la construcci\u00f3n de 485<br \/>\nmetros lineales de guarniciones, 675 metros cuadrados de banqueta, 311 metros<br \/>\nlineales de red de agua potable, 50 tomas domiciliarias, 220 metros lineales de<br \/>\ndrenaje sanitario, con un importe total de 5 millones 586 mil 680 pesos, en<br \/>\nbeneficio de 4 mil habitantes.<\/p>\n<p>Luego de cortar el<br \/>\nlist\u00f3n de la reconstrucci\u00f3n de la calle Chican\u00e1 por Rio Bec y avenida Jaina,<br \/>\nque se hizo con una inversi\u00f3n de 3 millones 12 mil pesos del Ramo 23 FAIP, el<br \/>\nPresidente Municipal record\u00f3 que Plan Chac se construy\u00f3 en una zona baja de la<br \/>\nciudad que ocasionaba m\u00faltiples problemas y contratiempos a sus habitantes.<\/p>\n<p>\u201cHoy pr\u00e1cticamente<br \/>\ntodas sus calles est\u00e1n construidas con concreto hidr\u00e1ulico y eso seguramente<br \/>\nque causar\u00e1 mucho menos problemas a quienes transitan por la misma unidad<br \/>\nhabitacional, a los vecinos de la ciudad y quienes tenemos la oportunidad de<br \/>\npasar por sus calles\u201d, subray\u00f3.<\/p>\n<p>\u201cTambi\u00e9n son testigos<br \/>\nlos vecinos de los problemas que se sufr\u00edan por el acumulamiento de aguas por<br \/>\nlas inundaciones en las temporadas de precipitaci\u00f3n pluvial y que hoy ya<br \/>\npr\u00e1cticamente no se presentan\u201d, a\u00f1adi\u00f3 al destacar la construcci\u00f3n de drenajes &nbsp;en la zona.<\/p>\n<p>\u201cAntes, con las simples<br \/>\nlluvias de la temporada se sufr\u00eda mucho aqu\u00ed en Plan Chac, hoy eso ya no sucede<br \/>\ny es precisamente a la avance que se ha tenido en la modificaci\u00f3n,<br \/>\nrehabilitaci\u00f3n, reconstrucci\u00f3n de las calles, de los drenajes, de los mismos<br \/>\nsistemas de distribuci\u00f3n de agua porque ahora construimos calles integrales\u201d,<br \/>\ndestac\u00f3.<\/p>\n<p>Por su parte, Felipe<br \/>\nJim\u00e9nez Silva, titular de Obras P\u00fablicas, al realizar la explicaci\u00f3n t\u00e9cnica y<br \/>\nmontos de inversi\u00f3n en la reconstrucci\u00f3n de tres calles, explic\u00f3 que en la<br \/>\ncalle Chican\u00e1 por Rio Bec y avenida Jaina se hizo una inversi\u00f3n de 3 millones<br \/>\n12 mil pesos del ramo 23 FAIP.<\/p>\n<p>Se construyeron 2 mil<br \/>\n492 metros cuadrados de concreto de 17 cent\u00edmetros de espesor, 360 metros<br \/>\nlineales de guarniciones, 442 metros cuadrados de banquetas, y en coordinaci\u00f3n<br \/>\ncon el Sistema Municipal de Agua Potable y Alcantarillado de Campeche, se<br \/>\nrealiz\u00f3 la construcci\u00f3n de red de agua potable de 161 metros lineales de<br \/>\ntuber\u00eda de 4 pulgadas de di\u00e1metro, y se instalaron 30 tomas domiciliarias.<\/p>\n<p>En tanto que en<br \/>\ncoordinaci\u00f3n con la Unidad de Servicios P\u00fablicos se realiz\u00f3 la construcci\u00f3n del<br \/>\nsubdrenaje en la calle Chican\u00e1 por calle R\u00edo Bec y avenida Jaina, con una<br \/>\ninversi\u00f3n total de 203 mil 729 pesos, con recursos propios del municipio, que<br \/>\nconst\u00f3 de instalaci\u00f3n de 140 metros de tuber\u00eda de 6 pulgadas de PVC, 80 metros<br \/>\nde tuber\u00eda de 8 pulgadas de PVC, 10 tuber\u00edas de alba\u00f1al de concreto de 30<br \/>\ncent\u00edmetros de di\u00e1metro, y la construcci\u00f3n de dos pozos de visita, con una<br \/>\ninversi\u00f3n total en esta calle de 3 millones 216 mil 283, beneficiando a 2 mil<br \/>\n500 habitantes.<\/p>\n<p>Dijo que al mismo<br \/>\ntiempo se realiz\u00f3 la reconstrucci\u00f3n de la calle Xpujil entre calle Dzibilnochac<br \/>\ny avenida Kal\u00e1, y avenida Kal\u00e1 entre avenida Xpujil y avenida Edzn\u00e1, tambi\u00e9n<br \/>\ncon recursos del Ramo 23 FAIP con una inversi\u00f3n de 2 millones 370 mil 395<br \/>\npesos.<\/p>\n<p>Las metas fuero: Construcci\u00f3n<br \/>\nde 2 mil 281 metros cuadrados de concreto hidr\u00e1ulico 17 cent\u00edmetros de espesor;<br \/>\n125 metros lineales de guarniciones, 233.10 metros cuadrados de banquetas, y en<br \/>\ncoordinaci\u00f3n con el Smapac se construy\u00f3 red de agua potable que const\u00f3 de<br \/>\ntuber\u00eda de 4 pulgadas de di\u00e1metro, 149.60 metros lineales y la instalaci\u00f3n de<br \/>\n20 tomas domiciliarias.<\/p><\/p>\n","protected":false},"excerpt":{"rendered":"<p>Una inversi\u00f3n total de poco m\u00e1s de 5.5 millones de pesos.<\/p>\n","protected":false},"author":1018,"featured_media":0,"comment_status":"open","ping_status":"open","sticky":false,"template":"","format":"standard","meta":{"tdm_status":"","tdm_grid_status":"","footnotes":""},"categories":[27],"tags":[],"_links":{"self":[{"href":"https:\/\/dralvarez.com.mx\/larevista\/wp-json\/wp\/v2\/posts\/63446"}],"collection":[{"href":"https:\/\/dralvarez.com.mx\/larevista\/wp-json\/wp\/v2\/posts"}],"about":[{"href":"https:\/\/dralvarez.com.mx\/larevista\/wp-json\/wp\/v2\/types\/post"}],"author":[{"embeddable":true,"href":"https:\/\/dralvarez.com.mx\/larevista\/wp-json\/wp\/v2\/users\/1018"}],"replies":[{"embeddable":true,"href":"https:\/\/dralvarez.com.mx\/larevista\/wp-json\/wp\/v2\/comments?post=63446"}],"version-history":[{"count":0,"href":"https:\/\/dralvarez.com.mx\/larevista\/wp-json\/wp\/v2\/posts\/63446\/revisions"}],"wp:attachment":[{"href":"https:\/\/dralvarez.com.mx\/larevista\/wp-json\/wp\/v2\/media?parent=63446"}],"wp:term":[{"taxonomy":"category","embeddable":true,"href":"https:\/\/dralvarez.com.mx\/larevista\/wp-json\/wp\/v2\/categories?post=63446"},{"taxonomy":"post_tag","embeddable":true,"href":"https:\/\/dralvarez.com.mx\/larevista\/wp-json\/wp\/v2\/tags?post=63446"}],"curies":[{"name":"wp","href":"https:\/\/api.w.org\/{rel}","templated":true}]}}