{"id":63435,"date":"2018-03-22T00:00:00","date_gmt":"2018-03-22T06:00:00","guid":{"rendered":"https:\/\/dralvarez.com.mx\/larevista\/blog\/dif-estatal-invita-hoy-a-la-gran-feria-familiar-alimentaria-2018-23205"},"modified":"2018-03-22T00:00:00","modified_gmt":"2018-03-22T06:00:00","slug":"dif-estatal-invita-hoy-a-la-gran-feria-familiar-alimentaria-2018-23205","status":"publish","type":"post","link":"https:\/\/dralvarez.com.mx\/larevista\/compeche\/dif-estatal-invita-hoy-a-la-gran-feria-familiar-alimentaria-2018-23205","title":{"rendered":"DIF Estatal invita hoy a la Gran Feria Familiar Alimentaria 2018"},"content":{"rendered":"<p>El Sistema Estatal para el Desarrollo Integral de la Familia (DIF), que preside Christelle Casta\u00f1\u00f3n de Moreno, a trav\u00e9s de las Direcci\u00f3n de Asistencia Alimentaria y Desarrollo Comunitario y de Desarrollo Familiar y Voluntariado, invita a la ciudadan\u00eda en general para que asista a la \u201cGran Feria Familiar Alimentaria 2018\u201d, este 22 de marzo a partir de las 16:00 horas en la Plaza de la Rep\u00fablica.<\/p>\n<p>En este evento 22 instituciones federales, estatales, municipales y empresas privadas se suman para orientar a los asistentes sobre la importancia de una correcta alimentaci\u00f3n para lograr el objetivo de una sana nutrici\u00f3n, complementada con activaci\u00f3n f\u00edsica y una convivencia familiar.<\/p>\n<p>La Gran Feria Familiar Alimentaria, que se realiza por segundo a\u00f1o, pondr\u00e1 a la venta productos de la canasta b\u00e1sica a precios muy accesibles e instalar\u00e1 stands de orientaci\u00f3n alimentaria, degustaci\u00f3n de platillos saludables, actividades l\u00fadicas de convivencia y talleres de elaboraci\u00f3n de huertos familiares, as\u00ed como rifas gratuitas de electrodom\u00e9sticos para celebrar a las mam\u00e1s y juguetes para las ni\u00f1as y ni\u00f1os, celebrando de igual manera su d\u00eda.<\/p>\n<p>Entre las instituciones participantes se encuentran la Secretar\u00eda de Desarrollo Social (SEDESOL); DICONSA; LICONSA; Secretar\u00eda de Agricultura, Ganader\u00eda, Desarrollo Rural, Pesca y Alimentaci\u00f3n (SAGARPA); Comisi\u00f3n Nacional Forestal (CONAFOR); Procuradur\u00eda Federal del Consumidor (PROFECO); Administraci\u00f3n Portuaria Integral de Campeche (APICAM); Universidad Aut\u00f3noma de Campeche (UAC); Universidad Guadalupe Victoria; Secretar\u00eda de Marina (SEMAR); Secretar\u00eda de Pesca y Acuacultura (SEPESCA); Secretar\u00eda de Educaci\u00f3n (SEDUC); Secretar\u00eda de Salud; Secretar\u00eda de Medio Ambiente y Recursos Naturales de Campeche (SEMARNATCAM); Secretar\u00eda de Cultura (SECULT); Secretar\u00eda de Desarrollo Social y Humano (SEDESYH); Secretar\u00eda de Desarrollo Rural (SDR); Secretar\u00eda de Desarrollo Econ\u00f3mico (SEDECO); Sistema Municipal DIF Campeche; H. Ayuntamiento de Campeche; y la empresa TUNONI.<\/p>\n<p>Asimismo, durante el evento se presentar\u00e1n academias de danza y se instalar\u00e1n juegos infantiles, con el objetivo de fortalecer la convivencia familiar a trav\u00e9s de la realizaci\u00f3n de actividades recreativas; de igual manera se realizar\u00e1 el sorteo \u201cGrande de Coraz\u00f3n\u201d, cuyo boletaje se vendi\u00f3 con anterioridad.<\/p>\n<p>Cabe mencionar que los montos obtenidos por la venta de los boletos de la rifa del autom\u00f3vil, organizada por la Direcci\u00f3n de Desarrollo Familiar y Voluntariado del DIF, se transferir\u00e1n a los distintos programas de la asistencia social que realiza el Sistema en los 11 municipios de la Entidad.<\/p>\n","protected":false},"excerpt":{"rendered":"<p>En la Plaza de la Rep\u00fablica.<\/p>\n","protected":false},"author":1018,"featured_media":0,"comment_status":"open","ping_status":"open","sticky":false,"template":"","format":"standard","meta":{"tdm_status":"","tdm_grid_status":"","footnotes":""},"categories":[27],"tags":[],"_links":{"self":[{"href":"https:\/\/dralvarez.com.mx\/larevista\/wp-json\/wp\/v2\/posts\/63435"}],"collection":[{"href":"https:\/\/dralvarez.com.mx\/larevista\/wp-json\/wp\/v2\/posts"}],"about":[{"href":"https:\/\/dralvarez.com.mx\/larevista\/wp-json\/wp\/v2\/types\/post"}],"author":[{"embeddable":true,"href":"https:\/\/dralvarez.com.mx\/larevista\/wp-json\/wp\/v2\/users\/1018"}],"replies":[{"embeddable":true,"href":"https:\/\/dralvarez.com.mx\/larevista\/wp-json\/wp\/v2\/comments?post=63435"}],"version-history":[{"count":0,"href":"https:\/\/dralvarez.com.mx\/larevista\/wp-json\/wp\/v2\/posts\/63435\/revisions"}],"wp:attachment":[{"href":"https:\/\/dralvarez.com.mx\/larevista\/wp-json\/wp\/v2\/media?parent=63435"}],"wp:term":[{"taxonomy":"category","embeddable":true,"href":"https:\/\/dralvarez.com.mx\/larevista\/wp-json\/wp\/v2\/categories?post=63435"},{"taxonomy":"post_tag","embeddable":true,"href":"https:\/\/dralvarez.com.mx\/larevista\/wp-json\/wp\/v2\/tags?post=63435"}],"curies":[{"name":"wp","href":"https:\/\/api.w.org\/{rel}","templated":true}]}}