{"id":63433,"date":"2018-03-22T00:00:00","date_gmt":"2018-03-22T06:00:00","guid":{"rendered":"https:\/\/dralvarez.com.mx\/larevista\/blog\/preside-gobernador-amc-ceremonia-civica-del-ccxii-aniversario-del-natalicio-de-benito-juarez-23203"},"modified":"2018-03-22T00:00:00","modified_gmt":"2018-03-22T06:00:00","slug":"preside-gobernador-amc-ceremonia-civica-del-ccxii-aniversario-del-natalicio-de-benito-juarez-23203","status":"publish","type":"post","link":"https:\/\/dralvarez.com.mx\/larevista\/compeche\/preside-gobernador-amc-ceremonia-civica-del-ccxii-aniversario-del-natalicio-de-benito-juarez-23203","title":{"rendered":"Preside Gobernador AMC ceremonia c\u00edvica del CCXII Aniversario del Natalicio de Benito Ju\u00e1rez"},"content":{"rendered":"<p>La administraci\u00f3n que encabeza el gobernador Alejandro Moreno C\u00e1rdenas cumple a cabalidad los principios juaristas de la honradez en el servicio p\u00fablico, de respeto a los ciudadanos y de hacer cumplir la ley, pues nadie puede estar por encima de ella, asegur\u00f3 el secretario de Seguridad P\u00fablica, Jorge Arg\u00e1ez Uribe, orador oficial de la Ceremonia C\u00edvica Conmemorativa al CCXII Aniversario del Natalicio de Benito Ju\u00e1rez Garc\u00eda. <\/p>\n<p>Luego de montar guardia de honor y depositar una ofrenda floral al pie del monumento erigido al pr\u00f3cer oaxaque\u00f1o, ubicado en la colonia Bellavista, el gobernador Alejandro Moreno C\u00e1rdenas presidi\u00f3 la Ceremonia C\u00edvica, donde Arg\u00e1ez Uribe sostuvo que la visi\u00f3n clara de lo que debe ser un verdadero pol\u00edtico, a\u00fan sigue vigente desde los tiempos de Ju\u00e1rez; pues el pol\u00edtico ind\u00edgena sent\u00f3 los principios del M\u00e9xico actual, las disposiciones que determinaron la separaci\u00f3n de Iglesia-Estado y el principio de no intervenci\u00f3n. <\/p>\n<p>En presencia de los titulares de los Poderes Legislativo y Judicial, Ram\u00f3n M\u00e9ndez Lanz y Miguel \u00c1ngel Chuc L\u00f3pez, respectivamente, a\u00f1adi\u00f3 que la obra y los principios de Benito Ju\u00e1rez representan un patrimonio que honra a los mexicanos, ya que tuvo la visi\u00f3n que el destino de M\u00e9xico era una Rep\u00fablica libre, soberana y democr\u00e1tica. <\/p>\n<p>Subray\u00f3 que los mexicanos han dejado muchos anhelos en luchas infructuosas, por lo que es momento de que entiendan que el enfrentamiento no es opci\u00f3n y de que se necesita un M\u00e9xico en paz que solo puede construirse con la buena voluntad de todos, \u201choy tenemos la oportunidad de lograr acuerdos, consensos, armonizar los intereses comunes; hay que unir y no separar, pues el di\u00e1logo es el \u00fanico camino para alcanzar los objetivos comunes; hay que conciliar y no hay que pelear\u201d, apunt\u00f3. <\/p>\n<p>El funcionario estatal apunt\u00f3 que el gobernador Alejandro Moreno ha sentado nuevas bases para el desarrollo de la entidad, y con el apoyo del presidente Enrique Pe\u00f1a Nieto, gobierna para todos los campechanos sin distingo de partidos, colores, clase social o religi\u00f3n, adem\u00e1s cumple los principios juaristas de la honradez en el servicio p\u00fablico, de respeto a todos los ciudadanos y de cumplir y hacer cumplir la ley. <\/p>\n<p>En el homenaje, Ram\u00f3n Negr\u00edn Santini, Gran Orador de la Gran Logia de Campeche, se\u00f1al\u00f3 que Benito Ju\u00e1rez fue un mexicano de extraordinario valor y una de las figuras m\u00e1s importantes de la patria mexicana, quien al frente de los destinos nacionales supo defender la integridad de la Rep\u00fablica. <\/p>\n<p>Tambi\u00e9n estuvieron presentes, , el alcalde Edgar Hern\u00e1ndez Hern\u00e1ndez; el secretario de Educaci\u00f3n, Ricardo Medina Farf\u00e1n; los rectores de la UAC, Gerardo Montero P\u00e9rez y del IC, Fernando Sandoval Castellanos; el delegado de la Secretar\u00eda de Gobernaci\u00f3n, Ricardo Ch\u00e1vez P\u00e9rez; el Gran Maestro de la Gran Logia Campeche, Lauro Escobar Gonz\u00e1lez; representantes de los tres \u00f3rdenes de gobierno; alumnos de las escuelas primarias L\u00e1zaro C\u00e1rdenas del R\u00edo y Ni\u00f1os H\u00e9roes, as\u00ed como de la preparatoria del Instituto Campechano, turno vespertino. <\/p>\n<p><b>Entrevista al Gobernador del Estado, Alejandro Moreno C\u00e1rdenas<\/b><\/p>\n<\/p>\n<p><b>Pregunta.-<\/b> Listas las Zonas<br \/>\nEcon\u00f3micas\u2026<\/p>\n<p><b>Gobernador<br \/>\nAlejandro Moreno C\u00e1rdenas.-<\/b> S\u00ed, estamos muy contentos\u2026 Falta determinar los<br \/>\n\u00faltimos ajustes y reuniones que ya tenemos rumbo al anuncio de las Zonas<br \/>\nEcon\u00f3micas Especiales. Estamos muy contentos, ha sido una gran gesti\u00f3n, un<br \/>\ntrabajo en equipo de los tres \u00f3rdenes de gobierno, federal, estatal, municipal,<br \/>\ntrabajando juntos. Vemos con firmeza, con claridad, porque no s\u00f3lo van a venir<br \/>\nmejores tiempos para Campeche\u2026 Habr\u00e1 certeza, certidumbre y quiero reconocerlo,<br \/>\nlo digo abiertamente, como es, el gran apoyo y el gran respaldo de los<br \/>\nempresarios, de todos los empresarios del Estado de Campeche; del Consejo<br \/>\nCoordinador Empresarial, de sus C\u00e1maras, de sus Colegios; de todas las<br \/>\nagrupaciones que ah\u00ed se encuentran representadas porque fueron un pilar<br \/>\nimportante para la gesti\u00f3n, para la fortaleza, con su trabajo, su dedicaci\u00f3n.<\/p>\n<p>Y claro, est\u00e1 la dedicaci\u00f3n para trabajar<br \/>\njuntos y generar m\u00e1s y mejores oportunidades de empleo\u2026 Ser\u00e1 en el pr\u00f3ximo mes<br \/>\nde abril, estaremos impulsando la Zona Econ\u00f3mica Especial; estamos invirtiendo<br \/>\ncomo nunca, en gesti\u00f3n, en el Puerto de Seybaplaya, en el Puerto de Carmen con<br \/>\nel apoyo total y decidido del Presidente de la Rep\u00fablica, Enrique Pe\u00f1a Nieto. Y<br \/>\nello nos va a permitir, a Campeche, detonar, tener mayor oportunidad de<br \/>\ninversi\u00f3n, tener crecimiento y desarrollo en un Estado de paz, de armon\u00eda, de<br \/>\ntranquilidad, de lucha permanente en el trabajo en equipo. As\u00ed que, la Zona<br \/>\nEcon\u00f3mica Especial va a ayudar much\u00edsimo a la inversi\u00f3n y a la generaci\u00f3n de<br \/>\nempleo en Campeche.<\/p>\n<p><b>Pregunta<\/b>.- Independientemente<br \/>\nde que haya inter\u00e9s de empresarios nacionales y de otros lugares, \u00bfc\u00f3mo se va a<br \/>\nempezar a trabajar para generarle la infraestructura que requiere esa Zona<br \/>\nEcon\u00f3mica? Ayer, la SCT comentaba que ya est\u00e1 en pl\u00e1ticas y trabajando de la<br \/>\nmano con el Gobierno del Estado, el Gobierno Federal para las primeras<br \/>\nacciones\u2026 \u00bfCu\u00e1ndo ser\u00edan y en qu\u00e9 consistir\u00edan?<\/p>\n<p><b>Gobernador<br \/>\nAlejandro Moreno C\u00e1rdenas.-<\/b> Estamos trabajando fuerte, ustedes saben que son<br \/>\npol\u00edgonos que van a tener beneficios, est\u00edmulos econ\u00f3micos, excepci\u00f3n de<br \/>\nimpuestos, trabajando juntos los tres \u00f3rdenes de gobierno\u2026 \u00bfY qu\u00e9 nos est\u00e1<br \/>\npermitiendo? Estamos generando la infraestructura que el Gobierno del Estado,<br \/>\nel Gobierno de la Rep\u00fablica y los gobiernos tengamos qu\u00e9 aportar y construir para<br \/>\ndar esos apoyos a la inversi\u00f3n extranjera. Pero, sin lugar a dudas, la gran<br \/>\ninversi\u00f3n vendr\u00e1 del sector privado; habr\u00e1 una inversi\u00f3n como nunca, una<br \/>\ninversi\u00f3n sin precedentes porque se tiene que trabajar en el \u00e1rea del puerto,<br \/>\nen muchas \u00e1reas del sector energ\u00e9tico; en buscar la vocaci\u00f3n para tener el<br \/>\ndesarrollo en las inversiones.<\/p>\n<p>Y no s\u00f3lo nos va a permitir generar m\u00e1s y<br \/>\nmejores oportunidades de empleo, va a dar la fortaleza en el despegue<br \/>\necon\u00f3mico; en tener una econom\u00eda permanente en el Estado de Campeche y como les<br \/>\nhe venido comentando, hemos hecho buenas gestiones y parte del trabajo que<br \/>\nestamos haciendo hoy en el  desarrollo<br \/>\necon\u00f3mico del Estado, s\u00ed, en la Zona Econ\u00f3mica especial que es muy importante\u2026<\/p>\n<p>Y hay que precisar algo, Campeche es el<br \/>\n\u00fanico Estado que va a tener no una Zona Econ\u00f3mica Especial, dos Zonas Econ\u00f3micas<br \/>\nEspeciales; y eso es muy importante para nosotros. Y en las pr\u00f3ximas semanas,<br \/>\nestamos trabajando, ustedes fueron testigos claros en la firma de convenios<br \/>\npara que se acerquen los cruceros.<\/p>\n<p>Ya a partir de esta firma vendr\u00e1n las<br \/>\ninversiones, la generaci\u00f3n de empleo en el Estado de Campeche con un mayor<br \/>\nvigor; y quiero tambi\u00e9n compartir con ustedes que estamos en pl\u00e1ticas con otras<br \/>\ndos empresas navieras, as\u00ed que en este a\u00f1o estaremos firmando ya los convenios<br \/>\ny los acuerdos para la implementaci\u00f3n y la llegada de los cruceros a Campeche. Que<br \/>\neso va a detonar\u2026 No como antes, que llegaba un crucero, se tomaba la foto y se<br \/>\niba\u2026 Hoy, los cruceros estar\u00e1n de manera permanente, estamos trabajando en una<br \/>\nparte, una l\u00ednea de crucero ser\u00e1 siete meses, otra ser\u00e1 tres meses, la otra<br \/>\nser\u00e1 seis meses.<\/p>\n<p>Entonces, estamos trabajando, ser\u00e1 una<br \/>\neconom\u00eda permanente, hemos tenido actividades importantes\u2026 El Ironman\u2026 Quiero<br \/>\ndecirles que en los lugares donde he estado, en todos los medios de<br \/>\ncomunicaci\u00f3n, en la radio, en la tele, en la prensa, en las redes sociales, el<br \/>\nIronman ha posicionado a Campeche como es, un Estado pr\u00f3spero, de trabajo, de<br \/>\noportunidades y de que tenemos que trabajar en equipo. Por eso, estamos<br \/>\nhaciendo las gestiones y vendr\u00e1n m\u00e1s eventos de talla internacional.<\/p>\n<p><b>Pregunta.-<\/b> Dos cosas, la<br \/>\nprimera, los empresarios el d\u00eda de ayer dec\u00edan que es necesario capacitar, que<br \/>\nhay un acercamiento con las empresas que van a venir para que la mano de obra<br \/>\nsea local; y segunda, el hecho de que estemos tan cerca de la Zona Econ\u00f3mica<br \/>\nque tambi\u00e9n est\u00e1 en el Estado de Yucat\u00e1n y que tiene ya avances de muchos a\u00f1os,<br \/>\n\u00bfno perjudicar\u00eda que se consolide la campechana?<\/p>\n<p><b>Gobernador<br \/>\nAlejandro Moreno C\u00e1rdenas.-<\/b> No, mira, algo que es muy importante; primero, dejar<br \/>\nmuy claro, luego se da informaci\u00f3n equivocada\u2026 La Zona Econ\u00f3mica de Yucat\u00e1n<br \/>\ntiene una vocaci\u00f3n clara, una vocaci\u00f3n espec\u00edfica que es el tema tecnol\u00f3gico,<br \/>\nes una vocaci\u00f3n que en nada compite con nosotros; al contrario, Campeche ser\u00e1 un<br \/>\nEstado pujante, vigoroso, con la Zona Econ\u00f3mica Especial, con las dos Zonas<br \/>\nEcon\u00f3micas Especiales cerca de nuestros puertos, que nos va a permitir no s\u00f3lo<br \/>\nfortalecer el sector energ\u00e9tico, nos va a permitir el sector de la exportaci\u00f3n,<br \/>\nque ser\u00e1 muy importante para nosotros. Y quiero decirles que con todas las<br \/>\nempresas que hemos platicado, no s\u00f3lo est\u00e1n contentos tienen muchas ganas de<br \/>\ninvertir en Estado y eso ser\u00e1 pr\u00f3ximamente porque la declaratoria de la Zona<br \/>\nEcon\u00f3mica Especial nos va a ayudar much\u00edsimo, nos va dar esa posibilidad de<br \/>\nseguir avanzando.<\/p>\n<p>Creo firmemente que, hoy, lo que hemos<br \/>\ntrabajado con los empresarios es eso, es el compromiso permanente de todos los<br \/>\nd\u00edas de generar m\u00e1s y mejores oportunidades; y la capacitaci\u00f3n es fundamental. Pero<br \/>\ntambi\u00e9n darte un tema muy importante; quiero compartir con ustedes que estoy<br \/>\nmuy orgulloso de la gente, del sector educativo en Campeche, de sus maestras,<br \/>\nde sus maestros. Nosotros ya tenemos el trabajo que se implement\u00f3 en M\u00e9xico, el<br \/>\nmodelo, en todo el pa\u00eds, el modelo dual donde los j\u00f3venes podr\u00e1n asistir a la<br \/>\nescuela, donde podr\u00e1n prepararse y capacitarse en empresas. Estamos firmando<br \/>\nconvenios de colaboraci\u00f3n; y antes, por ejemplo, un joven ten\u00eda que ir cinco<br \/>\nd\u00edas al escuela, hoy estar\u00e1 un d\u00eda o dos en la escuela; estar\u00e1 tres, cuatro<br \/>\nd\u00edas en un centro de trabajo adquiriendo experiencia y ah\u00ed lo ir\u00e1n a evaluar<br \/>\nlas maestras y los maestros. Y es el modelo que hay en M\u00e9xico, que es el modelo<br \/>\ndual.<\/p>\n<p>Y eso es muy importante, nos va a ayudar<br \/>\nmuch\u00edsimo\u2026 Y tambi\u00e9n, por ponerles un ejemplo, en la Utecam ya tenemos tres<br \/>\nasignaturas, tres carreras que ya estamos trabajando en el modelo mixto, en el<br \/>\nmodelo biling\u00fce, y eso ser\u00e1 una herramienta importante\u2026 Los j\u00f3venes de Campeche<br \/>\nest\u00e1n aprendiendo ingl\u00e9s, est\u00e1n perfeccionando y trabajando en el \u00e1rea de<br \/>\nmatem\u00e1ticas, en el espa\u00f1ol, y las maestras y los maestros son muy importantes. As\u00ed<br \/>\nque, estamos trabajando hacia adelante y estamos trabajando juntos para que a<br \/>\nCampeche le vaya muy bien. El modelo se ha implementado desde hace mucho tiempo<br \/>\nen nuestro pa\u00eds y en M\u00e9xico, y en Campeche se est\u00e1 trabajando, se ha hecho,<br \/>\nestamos avanzando en este trabajo comprometido. Ya firmamos los convenios con<br \/>\nlos empresarios en Carmen, lo estamos haciendo en Campeche, para vincular el<br \/>\neje fundamental que es el sector educativo, el sector gobierno y el sector<br \/>\nempresarial.<\/p>\n<p><b>Pregunta.-<\/b> \u00bfLa agenda<br \/>\ntentativa en abril, ya est\u00e1, con el Presidente?<\/p>\n<p><b>Gobernador<br \/>\nAlejandro Moreno C\u00e1rdenas.-<\/b> S\u00ed, la agenda permanente es, pues, bajarle m\u00e1s<br \/>\nrecursos a la Federaci\u00f3n; trabajar juntos. Estamos trabajando no s\u00f3lo para que<br \/>\nse presente el dictamen, se d\u00e9 el dictamen y se anuncie la Zona Econ\u00f3mica<br \/>\nEspecial; estaremos trabajando por cumplir todos y cada uno de los compromisos<br \/>\nque se hicieron por parte del Gobierno de la Rep\u00fablica; estamos avanzando en<br \/>\nlas obras, estamos avanzando en la inversi\u00f3n y creo firmemente que hoy, lo m\u00e1s<br \/>\nimportante es que sigamos trabajando en armon\u00eda, en paz, en tranquilidad, con<br \/>\nrespeto.<\/p>\n<p>Y hoy, conmemorando a un gran mexicano<br \/>\ncomo lo fue el presidente Benito Ju\u00e1rez, nos da no s\u00f3lo las ganas, el \u00edmpetu,<br \/>\nla lucha de que cuando se quiere, se puede; de que hay que trabajar juntos, de<br \/>\nque hay que trabajar en equipo y que al final del camino lo que queremos hoy,<br \/>\ncomo gobierno, es que haya una gran atenci\u00f3n a las familias campechanas, que<br \/>\nhaya una mejor calidad de vida. Y que, ahora, en este ambiente de equipo y de<br \/>\ncompromiso, logremos m\u00e1s recursos, m\u00e1s infraestructura, m\u00e1s apoyo para los<br \/>\ncampechanos.<\/p>\n<p><b>Pregunta.-<\/b> Abril va a ser<br \/>\nun mes de buenas noticias; uno, la visita presidencial por lo de la Zona<br \/>\nEcon\u00f3mica Especial; y la otra, la reanudaci\u00f3n de los trabajos de la avenida<br \/>\nCostera.<\/p>\n<p><b>Gobernador<br \/>\nAlejandro Moreno C\u00e1rdenas<\/b>.- S\u00ed, que cost\u00f3 much\u00edsimo trabajo y estar en la gesti\u00f3n,<br \/>\npero como les dije, no hay que detenerse para impulsar las obras de beneficio;<br \/>\naprovechar para decirle a los ciudadanos: Todas las obras de beneficio merecen<br \/>\nun gran sacrificio, estamos trabajando en las obras de inversi\u00f3n, en el<br \/>\ndistribuidor vial. Todas las afectaciones que se tienen, estamos trabajando<br \/>\njuntos para informarles, para decirles que son obras de beneficio para los<br \/>\nciudadanos, para ustedes. Y el mes de abril es un buen mes y tiene un buen d\u00eda,<br \/>\nporque aparte es el D\u00eda del Ni\u00f1o, estaremos trabajando; luego dir\u00e1n que ando en<br \/>\ncampa\u00f1a pero lo que ando es trabajando todos los d\u00edas\u2026 Y aparte es el d\u00eda de mi<br \/>\ncumplea\u00f1os, as\u00ed que voy a estar muy contento. Gracias.<\/p><\/p>\n","protected":false},"excerpt":{"rendered":"<p>La administraci\u00f3n que encabeza el gobernador AMC cumple a cabalidad los principios juaristas de la honradez en el servicio p\u00fablico.<\/p>\n","protected":false},"author":1018,"featured_media":0,"comment_status":"open","ping_status":"open","sticky":false,"template":"","format":"standard","meta":{"tdm_status":"","tdm_grid_status":"","footnotes":""},"categories":[27],"tags":[],"_links":{"self":[{"href":"https:\/\/dralvarez.com.mx\/larevista\/wp-json\/wp\/v2\/posts\/63433"}],"collection":[{"href":"https:\/\/dralvarez.com.mx\/larevista\/wp-json\/wp\/v2\/posts"}],"about":[{"href":"https:\/\/dralvarez.com.mx\/larevista\/wp-json\/wp\/v2\/types\/post"}],"author":[{"embeddable":true,"href":"https:\/\/dralvarez.com.mx\/larevista\/wp-json\/wp\/v2\/users\/1018"}],"replies":[{"embeddable":true,"href":"https:\/\/dralvarez.com.mx\/larevista\/wp-json\/wp\/v2\/comments?post=63433"}],"version-history":[{"count":0,"href":"https:\/\/dralvarez.com.mx\/larevista\/wp-json\/wp\/v2\/posts\/63433\/revisions"}],"wp:attachment":[{"href":"https:\/\/dralvarez.com.mx\/larevista\/wp-json\/wp\/v2\/media?parent=63433"}],"wp:term":[{"taxonomy":"category","embeddable":true,"href":"https:\/\/dralvarez.com.mx\/larevista\/wp-json\/wp\/v2\/categories?post=63433"},{"taxonomy":"post_tag","embeddable":true,"href":"https:\/\/dralvarez.com.mx\/larevista\/wp-json\/wp\/v2\/tags?post=63433"}],"curies":[{"name":"wp","href":"https:\/\/api.w.org\/{rel}","templated":true}]}}