{"id":63420,"date":"2018-03-21T00:00:00","date_gmt":"2018-03-21T06:00:00","guid":{"rendered":"https:\/\/dralvarez.com.mx\/larevista\/blog\/christelle-castanon-de-moreno-inaugura-espacios-de-alimentacion-encuentro-y-desarrollo-comunitario-en-calakmul-23189"},"modified":"2018-03-21T00:00:00","modified_gmt":"2018-03-21T06:00:00","slug":"christelle-castanon-de-moreno-inaugura-espacios-de-alimentacion-encuentro-y-desarrollo-comunitario-en-calakmul-23189","status":"publish","type":"post","link":"https:\/\/dralvarez.com.mx\/larevista\/compeche\/christelle-castanon-de-moreno-inaugura-espacios-de-alimentacion-encuentro-y-desarrollo-comunitario-en-calakmul-23189","title":{"rendered":"Christelle Casta\u00f1\u00f3n de Moreno inaugura espacios de alimentaci\u00f3n, encuentro y desarrollo comunitario en Calakmul"},"content":{"rendered":"<p>Dos Espacios de Alimentaci\u00f3n, Encuentro y Desarrollo Comunitario dignos y funcionales, entreg\u00f3 la Presidenta del Patronato del DIF Estatal, Christelle Casta\u00f1\u00f3n de Moreno, a los habitantes de las comunidades de Narciso Mendoza y Crist\u00f3bal Col\u00f3n, del municipio de Calakmul, los cuales fortalecer\u00e1n la alimentaci\u00f3n de ni\u00f1as, ni\u00f1os, mujeres embarazadas, personas con discapacidad y adultos mayores, en una gira donde tambi\u00e9n festej\u00f3 a los ni\u00f1os, ni\u00f1as y las madres, quienes son prioridad del Gobernador del Estado, Alejandro Moreno C\u00e1rdenas, as\u00ed como los espacios se conviertan en lugares id\u00f3neos para recibir los alimentos.<\/p>\n<p>Felicit\u00f3 a las madres familias comprometidas en preparar los alimentos para todos los grupos vulnerables que asisten a estos espacios, que se han convertido en fuentes de desarrollo de las propias comunidades, y les asegur\u00f3 que la red de espacios de alimentaci\u00f3n se fortalece gracias al respaldo del Presidente de la Rep\u00fablica, Enrique Pe\u00f1a Nieto; de su esposa, Ang\u00e9lica Rivera de Pe\u00f1a; y de su esposo, el Gobernador Alejandro Moreno C\u00e1rdenas, quien les envi\u00f3 un caluroso saludo, as\u00ed como todo su cari\u00f1o y respeto.<\/p>\n<p>Casta\u00f1\u00f3n de Moreno precis\u00f3 que el trabajo en equipo rinde frutos, \u201ccomo este espacio que pas\u00f3 de ser un sitio hecho de madera, a uno con los medios adecuados, este el compromiso de mi esposo, Alejandro Moreno C\u00e1rdenas, quien desde el principio de su administraci\u00f3n vela por el bienestar de la ni\u00f1ez\u201d, resalt\u00f3.<\/p>\n<p>Por su parte, la Presidenta del Patronato del DIF Calakmul, Luz Pati\u00f1o de Gonz\u00e1lez, precis\u00f3 que las raciones de comida mejorar\u00e1n la calidad de vida de los grupos vulnerables, debido a que cuentan todos los d\u00edas con un alimento nutritivo.<\/p>\n<p>En la comunidad de Narciso Mendoza, se puso en funciones el Espacio de Alimentaci\u00f3n \u201cLa Guadalupana\u201d, que pertenece a la primaria \u201cMiguel Hidalgo\u201d, donde la Presidenta del Patronato del DIF Estatal entreg\u00f3 631 enseres que mejorar\u00e1n el servicio del espacio, adem\u00e1s de juguetes y enseres de cocina a las mam\u00e1s, y el kit deportivo que recibi\u00f3 el Director de la escuela, Francisco Alberto Parra.<\/p>\n<p>La gira contin\u00fao en la comunidad de Crist\u00f3bal Col\u00f3n, donde acompa\u00f1ada por la Directora General del DIF, Silvia Elena Parrao, cort\u00f3 el list\u00f3n del Espacio de Alimentaci\u00f3n \u201cSan Mart\u00edn de Porres\u201d y entreg\u00f3 453 enseres para procurar el bienestar de las familias; y en ese mismo lugar, en la escuela primaria \u201cCrist\u00f3bal Col\u00f3n\u201d, donde asisten 59 estudiantes, entreg\u00f3 juguetes y enseres a las madres de familia, adem\u00e1s de un kit deportivo que recibi\u00f3 el director del plantel, Jos\u00e9 Can Uicab<\/p>\n<p>Al despedirse de los pobladores, les dio el  saludo de su esposo, el Gobernador Alejandro Moreno C\u00e1rdenas, reconociendo que es un lugar de mujeres y hombres que hacen con su trabajo m\u00e1s grande y fuerte a Campeche y Calakmul.<\/p>\n<p>Se unieron a la gira, el Presidente Municipal, Juan Enrique Gonz\u00e1lez Chan; el titular de la Secretar\u00eda de Educaci\u00f3n (SEDUC), Ricardo Medina Farf\u00e1n; la Directora de Asistencia Alimentaria y Desarrollo Comunitario, Ruth Ebergenyi V\u00e1zquez; la Directora de Desarrollo Familiar y Voluntariado, Sonia Castilla Trevi\u00f1o, as\u00ed como autoridades de las localidades visitadas.<\/p>\n","protected":false},"excerpt":{"rendered":"<p>Dos Espacios de Alimentaci\u00f3n, Encuentro y Desarrollo Comunitario dignos y funcionales, entreg\u00f3 la Presidenta del Patronato del DIF Estatal.<\/p>\n","protected":false},"author":1018,"featured_media":0,"comment_status":"open","ping_status":"open","sticky":false,"template":"","format":"standard","meta":{"tdm_status":"","tdm_grid_status":"","footnotes":""},"categories":[27],"tags":[],"_links":{"self":[{"href":"https:\/\/dralvarez.com.mx\/larevista\/wp-json\/wp\/v2\/posts\/63420"}],"collection":[{"href":"https:\/\/dralvarez.com.mx\/larevista\/wp-json\/wp\/v2\/posts"}],"about":[{"href":"https:\/\/dralvarez.com.mx\/larevista\/wp-json\/wp\/v2\/types\/post"}],"author":[{"embeddable":true,"href":"https:\/\/dralvarez.com.mx\/larevista\/wp-json\/wp\/v2\/users\/1018"}],"replies":[{"embeddable":true,"href":"https:\/\/dralvarez.com.mx\/larevista\/wp-json\/wp\/v2\/comments?post=63420"}],"version-history":[{"count":0,"href":"https:\/\/dralvarez.com.mx\/larevista\/wp-json\/wp\/v2\/posts\/63420\/revisions"}],"wp:attachment":[{"href":"https:\/\/dralvarez.com.mx\/larevista\/wp-json\/wp\/v2\/media?parent=63420"}],"wp:term":[{"taxonomy":"category","embeddable":true,"href":"https:\/\/dralvarez.com.mx\/larevista\/wp-json\/wp\/v2\/categories?post=63420"},{"taxonomy":"post_tag","embeddable":true,"href":"https:\/\/dralvarez.com.mx\/larevista\/wp-json\/wp\/v2\/tags?post=63420"}],"curies":[{"name":"wp","href":"https:\/\/api.w.org\/{rel}","templated":true}]}}