{"id":63419,"date":"2018-03-21T00:00:00","date_gmt":"2018-03-21T06:00:00","guid":{"rendered":"https:\/\/dralvarez.com.mx\/larevista\/blog\/indemipyme-imparte-taller-a-microempresarios-de-escarcega-23188"},"modified":"2018-03-21T00:00:00","modified_gmt":"2018-03-21T06:00:00","slug":"indemipyme-imparte-taller-a-microempresarios-de-escarcega-23188","status":"publish","type":"post","link":"https:\/\/dralvarez.com.mx\/larevista\/compeche\/indemipyme-imparte-taller-a-microempresarios-de-escarcega-23188","title":{"rendered":"INDEMIPYME imparte taller a microempresarios de Esc\u00e1rcega"},"content":{"rendered":"<p>Con el objetivo de dar a conocer los distintos esquemas de apoyo para fortalecer las actividades comerciales, el Instituto de la Peque\u00f1a y Mediana Empresa (INDEMIPYME), imparti\u00f3 taller a micros y peque\u00f1os empresarios del municipio de Esc\u00e1rcega.<\/p>\n<p>Participaron un total de 22 establecimientos comerciales de la cabecera municipal de Esc\u00e1rcega, dedicados a diversos giros que van desde abarrotes, apicultura, dulcer\u00eda, papeler\u00edas, entre otros, los cuales manifestaron su necesidad de incrementar su potencial de ventas y mejorar sus estrategias de marketing.<\/p>\n<p>En el taller impartido por el director del INDEMIPYME, Abraham Azar Lemus, se les invit\u00f3 a formar parte de la comunidad \u201cConsume Campeche\u201d para poder obtener herramientas a favor de su crecimiento y desarrollo, as\u00ed como al incremento del valor agregado de sus productos y servicios. <\/p>\n<p>Azar Lemus expres\u00f3 que dichas acciones van comprometidas a la promoci\u00f3n del consumo local, reactivando la econom\u00eda de las empresas campechanas.<\/p>\n<p>Por ello, reiter\u00f3 la importancia de esta campa\u00f1a y con ello fortalecer la relaci\u00f3n entre los comercios locales, apoyarse  mutuamente y generar la econom\u00eda interna.<\/p>\n<p>Explic\u00f3 que al registrarse, formar\u00e1n parte de un padr\u00f3n de productos campechanos donde los consumidores podr\u00e1n entrar a buscar el proveedor que m\u00e1s les convenga y de este modo fortalecer la econom\u00eda campechana, beneficiando al sector empresarial.<\/p>\n<p>-Al estar registrados podr\u00e1 acceder a eventos de capacitaci\u00f3n, networking, cursos en l\u00ednea y la oportunidad de acudir a ferias, expos y mesas de negocio, para expandir sus horizontes comerciales -dijo.<\/p>\n<p>Del mismo modo, los invit\u00f3 a conocer el programa Compras Gobierno, con el cual podr\u00e1n colocar su producto, promover y facilitar su participaci\u00f3n como microempresas en los procedimientos de las diferentes dependencias y entidades del sector gubernamental.<\/p>\n<p>-Esto les permitir\u00e1 vincular la ofertar de sus productos y servicios con la demanda del Gobierno Estatal, de acuerdo al giro al que se dediquen, desde plantas purificadoras de agua, materiales de limpieza, entre otros art\u00edculos, que pueden surtir al gobierno local -acot\u00f3.<\/p>\n<p>Por \u00faltimo, invit\u00f3 a los asistentes a visitar las oficinas de INDEMIPYME en la cabecera municipal de Esc\u00e1rcega, ubicadas en calle 26 por 17 y 19 sin n\u00famero de la colonia F\u00e1tima.<\/p>\n","protected":false},"excerpt":{"rendered":"<p>Con el objetivo de dar a conocer los distintos esquemas de apoyo para fortalecer las actividades comerciales.<\/p>\n","protected":false},"author":1018,"featured_media":0,"comment_status":"open","ping_status":"open","sticky":false,"template":"","format":"standard","meta":{"tdm_status":"","tdm_grid_status":"","footnotes":""},"categories":[27],"tags":[],"_links":{"self":[{"href":"https:\/\/dralvarez.com.mx\/larevista\/wp-json\/wp\/v2\/posts\/63419"}],"collection":[{"href":"https:\/\/dralvarez.com.mx\/larevista\/wp-json\/wp\/v2\/posts"}],"about":[{"href":"https:\/\/dralvarez.com.mx\/larevista\/wp-json\/wp\/v2\/types\/post"}],"author":[{"embeddable":true,"href":"https:\/\/dralvarez.com.mx\/larevista\/wp-json\/wp\/v2\/users\/1018"}],"replies":[{"embeddable":true,"href":"https:\/\/dralvarez.com.mx\/larevista\/wp-json\/wp\/v2\/comments?post=63419"}],"version-history":[{"count":0,"href":"https:\/\/dralvarez.com.mx\/larevista\/wp-json\/wp\/v2\/posts\/63419\/revisions"}],"wp:attachment":[{"href":"https:\/\/dralvarez.com.mx\/larevista\/wp-json\/wp\/v2\/media?parent=63419"}],"wp:term":[{"taxonomy":"category","embeddable":true,"href":"https:\/\/dralvarez.com.mx\/larevista\/wp-json\/wp\/v2\/categories?post=63419"},{"taxonomy":"post_tag","embeddable":true,"href":"https:\/\/dralvarez.com.mx\/larevista\/wp-json\/wp\/v2\/tags?post=63419"}],"curies":[{"name":"wp","href":"https:\/\/api.w.org\/{rel}","templated":true}]}}