{"id":63418,"date":"2018-03-21T00:00:00","date_gmt":"2018-03-21T06:00:00","guid":{"rendered":"https:\/\/dralvarez.com.mx\/larevista\/blog\/la-educacion-rompe-las-barreras-de-la-desigualdad-y-fomenta-la-inclusion-medina-farfan-23187"},"modified":"2018-03-21T00:00:00","modified_gmt":"2018-03-21T06:00:00","slug":"la-educacion-rompe-las-barreras-de-la-desigualdad-y-fomenta-la-inclusion-medina-farfan-23187","status":"publish","type":"post","link":"https:\/\/dralvarez.com.mx\/larevista\/compeche\/la-educacion-rompe-las-barreras-de-la-desigualdad-y-fomenta-la-inclusion-medina-farfan-23187","title":{"rendered":"La educaci\u00f3n rompe las barreras de la desigualdad y fomenta la inclusi\u00f3n: Medina Farf\u00e1n"},"content":{"rendered":"<p><b><i><\/i><\/b><\/p>\n<blockquote><p><b><i>Inauguran servicios del Centro de Atenci\u00f3n M\u00faltiple #20 de Calakmul.<\/i><\/b><\/p><\/blockquote>\n<p>\u201cRomper las barreras de la desigualdad, fomentar la inclusi\u00f3n y cumplir un sue\u00f1o anhelado para cientos de familias de Calakmul, hoy se hacen visibles, y se consolidan a trav\u00e9s de la educaci\u00f3n\u201d, se\u00f1al\u00f3 el titular de la Secretar\u00eda de Educaci\u00f3n (SEDUC), Ricardo Medina Farf\u00e1n, al cortar el list\u00f3n inaugural y poner en marcha el servicio del Centro de Atenci\u00f3n M\u00faltiple N\u00famero (CAM) 20 del municipio de Calakmul.<\/p>\n<p>Acompa\u00f1ado del presidente municipal, Juan Enrique Gonz\u00e1lez Chan, el titular de la SEDUC precis\u00f3 que, de esta manera, con la suma de esfuerzos, se trabaja para dar pasos certeros que abonen a consolidar mejores condiciones de vida para todos los campechanos, principalmente para aquellas personas que, al poseer alguna discapacidad, requiere de un espacio que le permita su desarrollo.<\/p>\n<p>\u201cEs as\u00ed como sumando esfuerzos, haciendo equipo, trabajando juntos, se dan pasos claros para otorgar mejores niveles de vida a todos, y de forma particular a quienes m\u00e1s lo necesitan, este ha sido un compromiso del Gobernador Alejandro Moreno C\u00e1rdenas, y de su esposa, Christelle Casta\u00f1\u00f3n de Moreno, el trabajar en la atenci\u00f3n a las personas que requieren su respaldo por sus condiciones de discapacidad, de edad, o vulnerabilidad\u201d, a\u00f1adi\u00f3.<\/p>\n<p>Medina Farf\u00e1n dijo que la apertura de este servicio en el municipio de Calakmul permitir\u00e1 atender en este arranque a 25 alumnos que poseen discapacidad de tipo intelectual, motriz, s\u00edndrome de Down, y tambi\u00e9n autismo.<\/p>\n<p>Para esto, precis\u00f3 el titular de SEDUC, se cuenta en este CAM con una plantilla de cuatro maestros de aprendizaje, un maestro de comunicaci\u00f3n, una psic\u00f3loga y un maestro de taller, quienes brindar\u00e1n atenci\u00f3n y escolarizaci\u00f3n de ni\u00f1os y j\u00f3venes con discapacidad en los niveles de educaci\u00f3n b\u00e1sica y formaci\u00f3n laboral.<\/p>\n<p>En representaci\u00f3n de la poblaci\u00f3n de Calakmul, Aracely Uc Chan, madre de familia, agradeci\u00f3 la creaci\u00f3n de este espacio y precis\u00f3 que con \u00e9ste se ampl\u00eda la posibilidad de desarrollo y aprendizaje de los ni\u00f1os, ni\u00f1as y j\u00f3venes con alguna discapacidad del municipio, y se demuestra un trabajo comprometido del Gobierno del Estado con el tema de la inclusi\u00f3n, desde una perspectiva muy humana.<\/p>\n<p>A este agradecimiento se sum\u00f3 el presidente municipal, Juan Enrique Gonz\u00e1lez Chan, quien durante el uso de la palabra se comprometi\u00f3 a trabajar de manera coordinada con la SEDUC para que Calakmul cuente con un espacio propio, y con todas las condiciones de accesibilidad propias para educar a quienes asisten a estos espacios, abonando en todo momento de manera precisa a su inclusi\u00f3n a la sociedad.<\/p>\n<p>Al evento asisti\u00f3 tambi\u00e9n a supervisora de la Zona Escolar 03 de Educaci\u00f3n Especial, Ver\u00f3nica Puerto Mena, as\u00ed como las diputadas Marina S\u00e1nchez Rodr\u00edguez y Leticia del Rosario Cach\u00f3n, e integrantes de la comunidad educativa. Es importante recalcar que Calakmul antes no contaba con un servicio escolarizado en educaci\u00f3n especial.<\/p>\n<p>Por \u00faltimo, el funcionario estatal acudi\u00f3 a la escuela primaria \u201cEmiliano Zapata\u201d, en la que encabez\u00f3 la entrega de mobiliario, as\u00ed como juguetes en compa\u00f1\u00eda del personal del Sistema DIF estatal, en el marco de la gira del d\u00eda del ni\u00f1o y del d\u00eda de la madre.<\/p>\n","protected":false},"excerpt":{"rendered":"<p>Inauguran servicios del Centro de Atenci\u00f3n M\u00faltiple #20 de Calakmul.<\/p>\n","protected":false},"author":1018,"featured_media":0,"comment_status":"open","ping_status":"open","sticky":false,"template":"","format":"standard","meta":{"tdm_status":"","tdm_grid_status":"","footnotes":""},"categories":[27],"tags":[],"_links":{"self":[{"href":"https:\/\/dralvarez.com.mx\/larevista\/wp-json\/wp\/v2\/posts\/63418"}],"collection":[{"href":"https:\/\/dralvarez.com.mx\/larevista\/wp-json\/wp\/v2\/posts"}],"about":[{"href":"https:\/\/dralvarez.com.mx\/larevista\/wp-json\/wp\/v2\/types\/post"}],"author":[{"embeddable":true,"href":"https:\/\/dralvarez.com.mx\/larevista\/wp-json\/wp\/v2\/users\/1018"}],"replies":[{"embeddable":true,"href":"https:\/\/dralvarez.com.mx\/larevista\/wp-json\/wp\/v2\/comments?post=63418"}],"version-history":[{"count":0,"href":"https:\/\/dralvarez.com.mx\/larevista\/wp-json\/wp\/v2\/posts\/63418\/revisions"}],"wp:attachment":[{"href":"https:\/\/dralvarez.com.mx\/larevista\/wp-json\/wp\/v2\/media?parent=63418"}],"wp:term":[{"taxonomy":"category","embeddable":true,"href":"https:\/\/dralvarez.com.mx\/larevista\/wp-json\/wp\/v2\/categories?post=63418"},{"taxonomy":"post_tag","embeddable":true,"href":"https:\/\/dralvarez.com.mx\/larevista\/wp-json\/wp\/v2\/tags?post=63418"}],"curies":[{"name":"wp","href":"https:\/\/api.w.org\/{rel}","templated":true}]}}