{"id":63417,"date":"2018-03-21T00:00:00","date_gmt":"2018-03-21T06:00:00","guid":{"rendered":"https:\/\/dralvarez.com.mx\/larevista\/blog\/alcalde-ehh-y-secretario-de-turismo-y-cultura-del-gobierno-del-estado-entregan-nombramientos-a-ninos-custodios-2018-23186"},"modified":"2018-03-21T00:00:00","modified_gmt":"2018-03-21T06:00:00","slug":"alcalde-ehh-y-secretario-de-turismo-y-cultura-del-gobierno-del-estado-entregan-nombramientos-a-ninos-custodios-2018-23186","status":"publish","type":"post","link":"https:\/\/dralvarez.com.mx\/larevista\/compeche\/alcalde-ehh-y-secretario-de-turismo-y-cultura-del-gobierno-del-estado-entregan-nombramientos-a-ninos-custodios-2018-23186","title":{"rendered":"Alcalde EHH y Secretario de Turismo y Cultura del Gobierno del Estado entregan nombramientos a \u201cNi\u00f1os Custodios 2018\u201d"},"content":{"rendered":"<\/p>\n<p>Al entregar<br \/>\nnombramientos a 18 alumnos de diversas escuelas primarias que integran la XXVI<br \/>\ngeneraci\u00f3n del Programa Ni\u00f1os Custodios, el alcalde de Campeche, Edgar<br \/>\nHern\u00e1ndez Hern\u00e1ndez, destac\u00f3 la importancia de la funci\u00f3n que tendr\u00e1n para<br \/>\natender a los turistas que arribar\u00e1n a la ciudad en los pr\u00f3ximos periodos<br \/>\nvacacionales de Semana Santa y Verano.<\/p>\n<p>\u201cUstedes tendr\u00e1n la<br \/>\nvaliosa encomienda de que nuestros visitantes no solo permanezcan  m\u00e1s d\u00edas en nuestra ciudad sino que gracias a<br \/>\nsu atenci\u00f3n, sean estos visitantes nuestros principales promotores y repliquen<br \/>\ncon sus familias, con sus amigos, con sus compa\u00f1eros de trabajo, lo bonito que<br \/>\nest\u00e1 Campeche, lo bien cuidado que est\u00e1 y, lo seguro que es\u201d, subray\u00f3.<\/p>\n<p>En la Sala de Cabildos,<br \/>\nacompa\u00f1ado de los Secretarios de Turismo y Cultura del Gobierno del Estado,<br \/>\nJorge Manos Esparragoza y Delio Ricardo Carrillo P\u00e9rez, as\u00ed como del titular de<br \/>\nla Unidad de Desarrollo Econ\u00f3mico, Turismo y Competitividad, Roberto Cuevas<br \/>\nNoriega, el Presidente Municipal entreg\u00f3 nombramientos a los Ni\u00f1os Custodios<br \/>\n2018, que son los mejores alumnos en aprovechamiento de sus respectivas<br \/>\nescuelas.<\/p>\n<p>Recibieron sus nombramientos,<br \/>\nlos ni\u00f1os: Osmar Valdemar Lim\u00f3n Lavalle, Michelle Guadalupe Vera Arg\u00e1es, de la<br \/>\nEscuela Primaria Dr. H\u00e9ctor P\u00e9rez Mart\u00ednez; Rom\u00e1n Enrique Uicab Narv\u00e1ez, Merari<br \/>\nGiselle Ocon Blanquet, y Valeria Gabriela Vela Maga\u00f1a, de la Antonia D\u00edaz;<br \/>\nAdyline Guadalupe Balan Guti\u00e9rrez y Guillermo Adri\u00e1n Pacheco Ortiz, del Centro<br \/>\nEscolar Miguel Hidalgo.<\/p>\n<p>Jes\u00fas Gabriel Alejo<br \/>\nOrtiz y Rams\u00e9s Antonio Escamilla Flores, de la Escuela Primaria Hijos de<br \/>\nTrabajadores; Sergio Eliel Romano Quej, Centro Escolar Pdte. \u00c1vila Camacho;<br \/>\nGiancarlo Inurreta Tamay, del Centro Escolar Pdte. Adolfo L\u00f3pez Mateos; Mar\u00eda<br \/>\nJos\u00e9 Garc\u00eda Torres, Escuela Primaria Adolfo L\u00f3pez Mateos; Regina Colon<br \/>\nMart\u00ednez, Gabriel Alejandro Eu\u00e1n Chan, Ricardo Adri\u00e1n Eu\u00e1n Chan, y Krystel<br \/>\nAbigail Eu\u00e1n Chan, Ricardo Iv\u00e1n Raygoza B\u00e1rcenas y Ximena Patricia Palacios<br \/>\nEstrada, de la Escuela Primaria Margarita de Gortari de Salinas.<\/p>\n<p>En su mensaje, el<br \/>\nSecretario de Turismo, Delio Carrillo P\u00e9rez, reflexion\u00f3 que \u201cno habr\u00e1 ley,<br \/>\nnorma o reglamento efectivo para la protecci\u00f3n del patrimonio de Campeche o de<br \/>\nM\u00e9xico si no tenemos conciencia y valoraci\u00f3n del mismo, si no inducimos en las<br \/>\nnuevas generaciones, en los ni\u00f1os, adolescentes una nueva y mejor actitud para<br \/>\npoder conservar, defender, cuidar y valorar y reconocer nuestro patrimonio\u201d.<\/p>\n<p>Por su lado, el<br \/>\nSecretario de Turismo, Jorge Manos Esparragoza indic\u00f3 que el Turismo es el<br \/>\nfuturo de Campeche, ll\u00e1mese turismo cultural, deportivo, gastron\u00f3mico, y felicit\u00f3<br \/>\na los peque\u00f1os y a sus padres de familia \u201cporque es una doble corresponsabilidad<br \/>\nde los padres, que sacrifican los periodos vacacionales para que ustedes puedan<br \/>\ndarle a los turistas ese buen recibimiento y buen trato\u201d.<\/p>\n<p>Refiri\u00f3 que ya son 26<br \/>\na\u00f1os del Programa Ni\u00f1os Custodios, del cual Campeche es un referente a nivel<br \/>\nnacional porque fue de los primero estados que inici\u00f3 con el Programa de Ni\u00f1os<br \/>\nCustodios, y reiter\u00f3 que el gobernador Alejandro Moreno C\u00e1rdenas apuesta al<br \/>\nturismo para el desarrollo econ\u00f3mico del Estado y del Municipio.<\/p>\n<p>A nombre de los ni\u00f1os<br \/>\ncustodios, la peque\u00f1a Ni\u00f1a Krystel Abigail Eu\u00e1n Chan, Ni\u00f1o Custodio 2018,<br \/>\nagradeci\u00f3 la oportunidad que les brindan a trav\u00e9s de este programa para dar a<br \/>\nconocer las riquezas culturales, arquitect\u00f3nicas y gastron\u00f3micas de la Ciudad<br \/>\nen los principales sitios tur\u00edsticos.<\/p><\/p>\n","protected":false},"excerpt":{"rendered":"<p>Al entregar nombramientos a 18 alumnos de diversas escuelas primarias que integran la XXVI generaci\u00f3n del Programa Ni\u00f1os Custodios.<\/p>\n","protected":false},"author":1018,"featured_media":0,"comment_status":"open","ping_status":"open","sticky":false,"template":"","format":"standard","meta":{"tdm_status":"","tdm_grid_status":"","footnotes":""},"categories":[27],"tags":[],"_links":{"self":[{"href":"https:\/\/dralvarez.com.mx\/larevista\/wp-json\/wp\/v2\/posts\/63417"}],"collection":[{"href":"https:\/\/dralvarez.com.mx\/larevista\/wp-json\/wp\/v2\/posts"}],"about":[{"href":"https:\/\/dralvarez.com.mx\/larevista\/wp-json\/wp\/v2\/types\/post"}],"author":[{"embeddable":true,"href":"https:\/\/dralvarez.com.mx\/larevista\/wp-json\/wp\/v2\/users\/1018"}],"replies":[{"embeddable":true,"href":"https:\/\/dralvarez.com.mx\/larevista\/wp-json\/wp\/v2\/comments?post=63417"}],"version-history":[{"count":0,"href":"https:\/\/dralvarez.com.mx\/larevista\/wp-json\/wp\/v2\/posts\/63417\/revisions"}],"wp:attachment":[{"href":"https:\/\/dralvarez.com.mx\/larevista\/wp-json\/wp\/v2\/media?parent=63417"}],"wp:term":[{"taxonomy":"category","embeddable":true,"href":"https:\/\/dralvarez.com.mx\/larevista\/wp-json\/wp\/v2\/categories?post=63417"},{"taxonomy":"post_tag","embeddable":true,"href":"https:\/\/dralvarez.com.mx\/larevista\/wp-json\/wp\/v2\/tags?post=63417"}],"curies":[{"name":"wp","href":"https:\/\/api.w.org\/{rel}","templated":true}]}}