{"id":63362,"date":"2018-03-20T00:00:00","date_gmt":"2018-03-20T06:00:00","guid":{"rendered":"https:\/\/dralvarez.com.mx\/larevista\/blog\/bacheo-en-la-uh-solidaridad-nacional-23128"},"modified":"2018-03-20T00:00:00","modified_gmt":"2018-03-20T06:00:00","slug":"bacheo-en-la-uh-solidaridad-nacional-23128","status":"publish","type":"post","link":"https:\/\/dralvarez.com.mx\/larevista\/compeche\/bacheo-en-la-uh-solidaridad-nacional-23128","title":{"rendered":"Bacheo en la U.H. Solidaridad Nacional"},"content":{"rendered":"<\/p>\n<div>\n<div>\n<div>\n<p>El Ayuntamiento de Campeche, a trav\u00e9s de la Unidad de Obras P\u00fablicas, realiz\u00f3 acciones de bacheo para garantizar mejores condiciones en la calle Pedro S\u00e1inz de Baranda entre calle Sureste de M\u00e9xico y calle Rep\u00fablica Mexicana de la unidad habitacional Solidaridad Nacional, arteria que desahoga el tr\u00e1fico en la zona ante la obra de modernizaci\u00f3n de la avenida Costera<\/p>\n<\/div>\n<\/div>\n<\/div>\n","protected":false},"excerpt":{"rendered":"<p>Arteria que desahoga el tr\u00e1fico en la zona ante la obra de modernizaci\u00f3n de la avenida Costera.<\/p>\n","protected":false},"author":1018,"featured_media":0,"comment_status":"open","ping_status":"open","sticky":false,"template":"","format":"standard","meta":{"tdm_status":"","tdm_grid_status":"","footnotes":""},"categories":[27],"tags":[],"_links":{"self":[{"href":"https:\/\/dralvarez.com.mx\/larevista\/wp-json\/wp\/v2\/posts\/63362"}],"collection":[{"href":"https:\/\/dralvarez.com.mx\/larevista\/wp-json\/wp\/v2\/posts"}],"about":[{"href":"https:\/\/dralvarez.com.mx\/larevista\/wp-json\/wp\/v2\/types\/post"}],"author":[{"embeddable":true,"href":"https:\/\/dralvarez.com.mx\/larevista\/wp-json\/wp\/v2\/users\/1018"}],"replies":[{"embeddable":true,"href":"https:\/\/dralvarez.com.mx\/larevista\/wp-json\/wp\/v2\/comments?post=63362"}],"version-history":[{"count":0,"href":"https:\/\/dralvarez.com.mx\/larevista\/wp-json\/wp\/v2\/posts\/63362\/revisions"}],"wp:attachment":[{"href":"https:\/\/dralvarez.com.mx\/larevista\/wp-json\/wp\/v2\/media?parent=63362"}],"wp:term":[{"taxonomy":"category","embeddable":true,"href":"https:\/\/dralvarez.com.mx\/larevista\/wp-json\/wp\/v2\/categories?post=63362"},{"taxonomy":"post_tag","embeddable":true,"href":"https:\/\/dralvarez.com.mx\/larevista\/wp-json\/wp\/v2\/tags?post=63362"}],"curies":[{"name":"wp","href":"https:\/\/api.w.org\/{rel}","templated":true}]}}