{"id":63289,"date":"2018-03-16T00:00:00","date_gmt":"2018-03-16T06:00:00","guid":{"rendered":"https:\/\/dralvarez.com.mx\/larevista\/blog\/gobierno-de-campeche-23051"},"modified":"2018-03-16T00:00:00","modified_gmt":"2018-03-16T06:00:00","slug":"gobierno-de-campeche-23051","status":"publish","type":"post","link":"https:\/\/dralvarez.com.mx\/larevista\/compeche\/gobierno-de-campeche-23051","title":{"rendered":"GOBIERNO DE CAMPECHE"},"content":{"rendered":"<p>La Comisi\u00f3n Intersecretarial de Zonas Econ\u00f3micas Especiales (CIZEE), aprob\u00f3 el dictamen de la Zona Econ\u00f3mica Especial de Campeche, lo que representa un logro m\u00e1s de las gestiones que el gobernador Alejandro Moreno C\u00e1rdenas ha realizado ante el presidente Enrique Pe\u00f1a Nieto para impulsar la transformaci\u00f3n del estado. Tras el resolutivo, en breve ser\u00e1 emitida la declaratoria correspondiente.<br \/>El documento fue presentado durante la primera sesi\u00f3n extraordinaria de la Comisi\u00f3n Intersecretarial que presidi\u00f3 el secretario de Hacienda y Cr\u00e9dito P\u00fablico, Jos\u00e9 Antonio Gonz\u00e1lez Anaya.<br \/>De acuerdo a la Autoridad Federal para el Desarrollo de las Zonas Econ\u00f3micas Especiales (AFDZEE), se estima que el proyecto propicie inversiones productivas por tres mil 675 millones de d\u00f3lares, y la generaci\u00f3n hasta de 51 mil empleos, en un plazo m\u00e1ximo de 20 a\u00f1os.<br \/>Con el establecimiento de la ZEE, Campeche no s\u00f3lo aprovechar\u00e1 los beneficios de la reforma energ\u00e9tica sino impulsar\u00e1 el desarrollo de otros sectores productivos, entre ellos el agroindustrial, qu\u00edmico, de autopartes, y de la pulpa y el papel.<br \/>Cabe recordar que el Gobernador del Estado ha se\u00f1alado que Campeche no estaba considerada como ZEE por lo que se dio a la tarea de gestionar ante Pe\u00f1a Nieto la inclusi\u00f3n del estado en este proyecto de desarrollo regional, y en respuesta a su planteamiento, a principios de mayo de 2016 el Presidente de M\u00e9xico anunci\u00f3 el establecimiento de la ZEE de Campeche como una estrategia del Programa de Reactivaci\u00f3n Econ\u00f3mica y Desarrollo Productivo, presentada para resarcir la afectaci\u00f3n econ\u00f3mica que se gener\u00f3 con la ca\u00edda de los precios y la producci\u00f3n del petr\u00f3leo.<\/p>\n<p>Respaldan a productores con maquinaria y apoyos<\/p>\n<p>Asimismo, en respaldo a los productores agropecuarios del estado, el gobernador Alejandro Moreno C\u00e1rdenas entreg\u00f3 maquinaria para la construcci\u00f3n de caminos sacacosechas; indemnizaciones del Seguro Agr\u00edcola Catastr\u00f3fico y apoyos del Proyecto Estrat\u00e9gico para la Seguridad Alimentaria (PESA), por un monto de 114.9 millones de pesos; y anunci\u00f3 la implementaci\u00f3n, para este a\u00f1o, del Seguro de Comercializaci\u00f3n.<br \/>El m\u00f3dulo de maquinaria pesada, con un valor de 95 millones de pesos, contribuir\u00e1 a impulsar la construcci\u00f3n y rehabilitaci\u00f3n, en una primera etapa, de 250 kil\u00f3metros de caminos en diversos puntos del estado.<br \/>Mientras que en indemnizaciones de siniestros agropecuarios se entregaron en beneficio de dos mil 752 productores de Calakmul, Calkin\u00ed, Campeche, Champot\u00f3n, Hopelch\u00e9n, Hecelchak\u00e1n, Esc\u00e1rcega, Candelaria y Tenabo, 12 millones 372 mil 750 pesos, que amparan casi ocho mil hect\u00e1reas agr\u00edcolas, y en apoyos del PESA se otorgaron siete millones 590 mil 591 pesos, para m\u00e1s de mil ejidatarios de Calkin\u00ed, Hecelchak\u00e1n, Tenabo y Hopelch\u00e9n.<br \/>Durante el evento, el mandatario se\u00f1al\u00f3 que la entrega de estos apoyos es resultado del respaldo del presidente Pe\u00f1a Nieto y del trabajo que se hace en equipo, y permite escribir una nueva historia para el agro campechano.<br \/>Asimismo, se\u00f1al\u00f3 que en respuesta a las demandas, se entregar\u00e1n 23 ambulancias para fortalecer la atenci\u00f3n m\u00e9dica en las juntas municipales y se comprometi\u00f3 a que este a\u00f1o se termine la modernizaci\u00f3n de la carretera Campeche-Edzn\u00e1, que ser\u00e1 ampliada a 12 metros, pues fue un compromiso de campa\u00f1a.<\/p>\n","protected":false},"excerpt":{"rendered":"<p>Campeche, Zona Econ\u00f3mica Especial<br \/>\ngracias a gestiones de Moreno C\u00e1rdenas<\/p>\n","protected":false},"author":1018,"featured_media":0,"comment_status":"open","ping_status":"open","sticky":false,"template":"","format":"standard","meta":{"tdm_status":"","tdm_grid_status":"","footnotes":""},"categories":[27],"tags":[],"_links":{"self":[{"href":"https:\/\/dralvarez.com.mx\/larevista\/wp-json\/wp\/v2\/posts\/63289"}],"collection":[{"href":"https:\/\/dralvarez.com.mx\/larevista\/wp-json\/wp\/v2\/posts"}],"about":[{"href":"https:\/\/dralvarez.com.mx\/larevista\/wp-json\/wp\/v2\/types\/post"}],"author":[{"embeddable":true,"href":"https:\/\/dralvarez.com.mx\/larevista\/wp-json\/wp\/v2\/users\/1018"}],"replies":[{"embeddable":true,"href":"https:\/\/dralvarez.com.mx\/larevista\/wp-json\/wp\/v2\/comments?post=63289"}],"version-history":[{"count":0,"href":"https:\/\/dralvarez.com.mx\/larevista\/wp-json\/wp\/v2\/posts\/63289\/revisions"}],"wp:attachment":[{"href":"https:\/\/dralvarez.com.mx\/larevista\/wp-json\/wp\/v2\/media?parent=63289"}],"wp:term":[{"taxonomy":"category","embeddable":true,"href":"https:\/\/dralvarez.com.mx\/larevista\/wp-json\/wp\/v2\/categories?post=63289"},{"taxonomy":"post_tag","embeddable":true,"href":"https:\/\/dralvarez.com.mx\/larevista\/wp-json\/wp\/v2\/tags?post=63289"}],"curies":[{"name":"wp","href":"https:\/\/api.w.org\/{rel}","templated":true}]}}