{"id":63280,"date":"2018-03-16T00:00:00","date_gmt":"2018-03-16T06:00:00","guid":{"rendered":"https:\/\/dralvarez.com.mx\/larevista\/blog\/sectur-firma-acuerdo-de-colaboracion-con-el-cecati-no-40-23042"},"modified":"2018-03-16T00:00:00","modified_gmt":"2018-03-16T06:00:00","slug":"sectur-firma-acuerdo-de-colaboracion-con-el-cecati-no-40-23042","status":"publish","type":"post","link":"https:\/\/dralvarez.com.mx\/larevista\/compeche\/sectur-firma-acuerdo-de-colaboracion-con-el-cecati-no-40-23042","title":{"rendered":"SECTUR firma acuerdo de colaboraci\u00f3n con el CECATI No. 40"},"content":{"rendered":"<p>La Secretar\u00eda de Turismo del Gobierno del Estado (SECTUR) llev\u00f3 a cabo la firma de un acuerdo de colaboraci\u00f3n interinstitucional con el Centro de Capacitaci\u00f3n para el Trabajo Industrial (CECATI) No. 40, con el objetivo de estrechar lazos de colaboraci\u00f3n en materia de capacitaci\u00f3n, que permitan el f\u00e1cil acceso a los cursos y talleres enfocados al turismo y hoteler\u00eda que ofrece dicho centro. Asimismo, tras la firma, el titular de la SECTUR, Jorge Enrique Manos Esparragoza, acompa\u00f1ado de la Directora del CECATI No. 40, Elda Esther Crisanty Rosado, realiz\u00f3 un recorrido por las instalaciones del Centro.<\/p>\n<p><\/p>\n","protected":false},"excerpt":{"rendered":"<p>Con el objetivo de estrechar lazos de colaboraci\u00f3n en materia de capacitaci\u00f3n.<\/p>\n","protected":false},"author":1018,"featured_media":0,"comment_status":"open","ping_status":"open","sticky":false,"template":"","format":"standard","meta":{"tdm_status":"","tdm_grid_status":"","footnotes":""},"categories":[27],"tags":[],"_links":{"self":[{"href":"https:\/\/dralvarez.com.mx\/larevista\/wp-json\/wp\/v2\/posts\/63280"}],"collection":[{"href":"https:\/\/dralvarez.com.mx\/larevista\/wp-json\/wp\/v2\/posts"}],"about":[{"href":"https:\/\/dralvarez.com.mx\/larevista\/wp-json\/wp\/v2\/types\/post"}],"author":[{"embeddable":true,"href":"https:\/\/dralvarez.com.mx\/larevista\/wp-json\/wp\/v2\/users\/1018"}],"replies":[{"embeddable":true,"href":"https:\/\/dralvarez.com.mx\/larevista\/wp-json\/wp\/v2\/comments?post=63280"}],"version-history":[{"count":0,"href":"https:\/\/dralvarez.com.mx\/larevista\/wp-json\/wp\/v2\/posts\/63280\/revisions"}],"wp:attachment":[{"href":"https:\/\/dralvarez.com.mx\/larevista\/wp-json\/wp\/v2\/media?parent=63280"}],"wp:term":[{"taxonomy":"category","embeddable":true,"href":"https:\/\/dralvarez.com.mx\/larevista\/wp-json\/wp\/v2\/categories?post=63280"},{"taxonomy":"post_tag","embeddable":true,"href":"https:\/\/dralvarez.com.mx\/larevista\/wp-json\/wp\/v2\/tags?post=63280"}],"curies":[{"name":"wp","href":"https:\/\/api.w.org\/{rel}","templated":true}]}}