{"id":63275,"date":"2018-03-16T00:00:00","date_gmt":"2018-03-16T06:00:00","guid":{"rendered":"https:\/\/dralvarez.com.mx\/larevista\/blog\/aprueban-el-dictamen-de-la-zona-economica-especial-de-campeche-23035"},"modified":"2018-03-16T00:00:00","modified_gmt":"2018-03-16T06:00:00","slug":"aprueban-el-dictamen-de-la-zona-economica-especial-de-campeche-23035","status":"publish","type":"post","link":"https:\/\/dralvarez.com.mx\/larevista\/compeche\/aprueban-el-dictamen-de-la-zona-economica-especial-de-campeche-23035","title":{"rendered":"Aprueban el dictamen de la Zona Econ\u00f3mica Especial de Campeche"},"content":{"rendered":"<p>Tras intensas gestiones encabezadas por el Gobernador del Estado, Alejandro Moreno C\u00e1rdenas, la Comisi\u00f3n Intersecretarial para las Zonas Econ\u00f3micas Especiales, en 1\u00aa sesi\u00f3n extraordinaria, aprob\u00f3 el Dictamen de la Zona Econ\u00f3mica Especial de Campeche, emitido por la Autoridad Federal para el Desarrollo de las ZEE (AFDZEE); dio a conocer el secretario de Desarrollo Econ\u00f3mico (SEDECO), Jos\u00e9 Domingo Berzunza Esp\u00ednola.<\/p>\n<p><\/p>\n","protected":false},"excerpt":{"rendered":"<p>Tras intensas gestiones encabezadas por el Gobernador del Estado, Alejandro Moreno C\u00e1rdenas.<\/p>\n","protected":false},"author":1018,"featured_media":0,"comment_status":"open","ping_status":"open","sticky":false,"template":"","format":"standard","meta":{"tdm_status":"","tdm_grid_status":"","footnotes":""},"categories":[27],"tags":[],"_links":{"self":[{"href":"https:\/\/dralvarez.com.mx\/larevista\/wp-json\/wp\/v2\/posts\/63275"}],"collection":[{"href":"https:\/\/dralvarez.com.mx\/larevista\/wp-json\/wp\/v2\/posts"}],"about":[{"href":"https:\/\/dralvarez.com.mx\/larevista\/wp-json\/wp\/v2\/types\/post"}],"author":[{"embeddable":true,"href":"https:\/\/dralvarez.com.mx\/larevista\/wp-json\/wp\/v2\/users\/1018"}],"replies":[{"embeddable":true,"href":"https:\/\/dralvarez.com.mx\/larevista\/wp-json\/wp\/v2\/comments?post=63275"}],"version-history":[{"count":0,"href":"https:\/\/dralvarez.com.mx\/larevista\/wp-json\/wp\/v2\/posts\/63275\/revisions"}],"wp:attachment":[{"href":"https:\/\/dralvarez.com.mx\/larevista\/wp-json\/wp\/v2\/media?parent=63275"}],"wp:term":[{"taxonomy":"category","embeddable":true,"href":"https:\/\/dralvarez.com.mx\/larevista\/wp-json\/wp\/v2\/categories?post=63275"},{"taxonomy":"post_tag","embeddable":true,"href":"https:\/\/dralvarez.com.mx\/larevista\/wp-json\/wp\/v2\/tags?post=63275"}],"curies":[{"name":"wp","href":"https:\/\/api.w.org\/{rel}","templated":true}]}}