{"id":63274,"date":"2018-03-16T00:00:00","date_gmt":"2018-03-16T06:00:00","guid":{"rendered":"https:\/\/dralvarez.com.mx\/larevista\/blog\/firma-secont-convenio-de-sub-licenciamiento-del-sistema-declaranetplus-con-el-ayuntamiento-de-calkini-23034"},"modified":"2018-03-16T00:00:00","modified_gmt":"2018-03-16T06:00:00","slug":"firma-secont-convenio-de-sub-licenciamiento-del-sistema-declaranetplus-con-el-ayuntamiento-de-calkini-23034","status":"publish","type":"post","link":"https:\/\/dralvarez.com.mx\/larevista\/compeche\/firma-secont-convenio-de-sub-licenciamiento-del-sistema-declaranetplus-con-el-ayuntamiento-de-calkini-23034","title":{"rendered":"Firma SECONT convenio de sub licenciamiento del Sistema DeclaraNetplus con el ayuntamiento de Calkin\u00ed"},"content":{"rendered":"<p>Con la finalidad de vincular al Gobierno Estatal con los Gobiernos Municipales para promover mayores niveles de eficiencia y eficacia, as\u00ed como la modernizaci\u00f3n y desarrollo de la Administraci\u00f3n P\u00fablica Municipal, que permita la consolidaci\u00f3n de una gesti\u00f3n \u00e1gil y transparente en beneficio de la sociedad, la Secretar\u00eda de la Contralor\u00eda (SECONT) firm\u00f3 el Convenio Espec\u00edfico de Colaboraci\u00f3n que otorga la sub licencia del Sistema DeclaraNetplus al H. Ayuntamiento del Municipio de Calkin\u00ed, el cual le permitir\u00e1 procesar las declaraciones patrimoniales y de conflictos de inter\u00e9s, llevar un control sobre las mismas, as\u00ed como las evoluciones del patrimonio de cada uno de sus servidores p\u00fablicos.<\/p>\n<p>En el evento, el Alcalde de Calkin\u00ed, Jos\u00e9 Emiliano Can\u00fal Ak\u00e9, y el titular de la SECONT, Jos\u00e9 Rom\u00e1n Ruiz Carrillo, reafirmaron el compromiso de cumplir lo que dicta el Sistema Nacional Anticorrupci\u00f3n (SNA), con lo cual se fortalece el control municipal en materia de transparencia y combate a la corrupci\u00f3n.<\/p>\n","protected":false},"excerpt":{"rendered":"<p>Con la finalidad de vincular al Gobierno Estatal con los Gobiernos Municipales para promover mayores niveles de eficiencia y eficacia.<\/p>\n","protected":false},"author":1018,"featured_media":0,"comment_status":"open","ping_status":"open","sticky":false,"template":"","format":"standard","meta":{"tdm_status":"","tdm_grid_status":"","footnotes":""},"categories":[27],"tags":[],"_links":{"self":[{"href":"https:\/\/dralvarez.com.mx\/larevista\/wp-json\/wp\/v2\/posts\/63274"}],"collection":[{"href":"https:\/\/dralvarez.com.mx\/larevista\/wp-json\/wp\/v2\/posts"}],"about":[{"href":"https:\/\/dralvarez.com.mx\/larevista\/wp-json\/wp\/v2\/types\/post"}],"author":[{"embeddable":true,"href":"https:\/\/dralvarez.com.mx\/larevista\/wp-json\/wp\/v2\/users\/1018"}],"replies":[{"embeddable":true,"href":"https:\/\/dralvarez.com.mx\/larevista\/wp-json\/wp\/v2\/comments?post=63274"}],"version-history":[{"count":0,"href":"https:\/\/dralvarez.com.mx\/larevista\/wp-json\/wp\/v2\/posts\/63274\/revisions"}],"wp:attachment":[{"href":"https:\/\/dralvarez.com.mx\/larevista\/wp-json\/wp\/v2\/media?parent=63274"}],"wp:term":[{"taxonomy":"category","embeddable":true,"href":"https:\/\/dralvarez.com.mx\/larevista\/wp-json\/wp\/v2\/categories?post=63274"},{"taxonomy":"post_tag","embeddable":true,"href":"https:\/\/dralvarez.com.mx\/larevista\/wp-json\/wp\/v2\/tags?post=63274"}],"curies":[{"name":"wp","href":"https:\/\/api.w.org\/{rel}","templated":true}]}}