{"id":63272,"date":"2018-03-16T00:00:00","date_gmt":"2018-03-16T06:00:00","guid":{"rendered":"https:\/\/dralvarez.com.mx\/larevista\/blog\/trabajos-de-bacheo-en-la-avenida-gobernadores-y-en-el-barrio-de-santa-lucia-23032"},"modified":"2018-03-16T00:00:00","modified_gmt":"2018-03-16T06:00:00","slug":"trabajos-de-bacheo-en-la-avenida-gobernadores-y-en-el-barrio-de-santa-lucia-23032","status":"publish","type":"post","link":"https:\/\/dralvarez.com.mx\/larevista\/compeche\/trabajos-de-bacheo-en-la-avenida-gobernadores-y-en-el-barrio-de-santa-lucia-23032","title":{"rendered":"Trabajos de bacheo en la avenida Gobernadores y en el barrio de Santa Luc\u00eda"},"content":{"rendered":"<p>A fin de coadyuvar en la mejor\u00eda de las v\u00edas alternas que desahogan el tr\u00e1fico en la zona donde se construye el distribuidor vial de la avenida Gobernadores, personal de la Unidad de Obras P\u00fablicas del Ayuntamiento de Campeche repar\u00f3 las afectaciones en la calle 112 entre avenida Gobernadores y calle 110 del barrio de Santa Luc\u00eda.<\/p>\n<p><\/p>\n","protected":false},"excerpt":{"rendered":"<p>A fin de coadyuvar en la mejor\u00eda de las v\u00edas alternas que desahogan el tr\u00e1fico en la zona donde se construye el distribuidor vial.<\/p>\n","protected":false},"author":1018,"featured_media":0,"comment_status":"open","ping_status":"open","sticky":false,"template":"","format":"standard","meta":{"tdm_status":"","tdm_grid_status":"","footnotes":""},"categories":[27],"tags":[],"_links":{"self":[{"href":"https:\/\/dralvarez.com.mx\/larevista\/wp-json\/wp\/v2\/posts\/63272"}],"collection":[{"href":"https:\/\/dralvarez.com.mx\/larevista\/wp-json\/wp\/v2\/posts"}],"about":[{"href":"https:\/\/dralvarez.com.mx\/larevista\/wp-json\/wp\/v2\/types\/post"}],"author":[{"embeddable":true,"href":"https:\/\/dralvarez.com.mx\/larevista\/wp-json\/wp\/v2\/users\/1018"}],"replies":[{"embeddable":true,"href":"https:\/\/dralvarez.com.mx\/larevista\/wp-json\/wp\/v2\/comments?post=63272"}],"version-history":[{"count":0,"href":"https:\/\/dralvarez.com.mx\/larevista\/wp-json\/wp\/v2\/posts\/63272\/revisions"}],"wp:attachment":[{"href":"https:\/\/dralvarez.com.mx\/larevista\/wp-json\/wp\/v2\/media?parent=63272"}],"wp:term":[{"taxonomy":"category","embeddable":true,"href":"https:\/\/dralvarez.com.mx\/larevista\/wp-json\/wp\/v2\/categories?post=63272"},{"taxonomy":"post_tag","embeddable":true,"href":"https:\/\/dralvarez.com.mx\/larevista\/wp-json\/wp\/v2\/tags?post=63272"}],"curies":[{"name":"wp","href":"https:\/\/api.w.org\/{rel}","templated":true}]}}