{"id":63271,"date":"2018-03-16T00:00:00","date_gmt":"2018-03-16T06:00:00","guid":{"rendered":"https:\/\/dralvarez.com.mx\/larevista\/blog\/educacion-el-camino-para-el-impulso-de-talento-y-capacidades-de-nuestros-ninos-y-ninas-medina-farfan-23031"},"modified":"2018-03-16T00:00:00","modified_gmt":"2018-03-16T06:00:00","slug":"educacion-el-camino-para-el-impulso-de-talento-y-capacidades-de-nuestros-ninos-y-ninas-medina-farfan-23031","status":"publish","type":"post","link":"https:\/\/dralvarez.com.mx\/larevista\/compeche\/educacion-el-camino-para-el-impulso-de-talento-y-capacidades-de-nuestros-ninos-y-ninas-medina-farfan-23031","title":{"rendered":"Educaci\u00f3n, el camino para el impulso de talento y capacidades de nuestros ni\u00f1os y ni\u00f1as: Medina Farf\u00e1n"},"content":{"rendered":"<p><b><i><\/i><\/b><\/p>\n<blockquote><p><b><i>Inauguran planteles de Educaci\u00f3n B\u00e1sica en la capital del Estado.<\/i><\/b><\/p><\/blockquote>\n<p>\u201cEl compromiso que tenemos es con la educaci\u00f3n, para que sus hijos, sus nietos, todos ellos puedan impulsar sus talentos, desarrollar sus capacidades y lograr sus metas, como Secretar\u00eda de Educaci\u00f3n lo tenemos claro y por ello trabajamos en promover programas, acciones y mejoras en los planteles que coadyuven significativamente en beneficio del desarrollo de nuestras ni\u00f1as, ni\u00f1os y j\u00f3venes\u201d, afirm\u00f3 el titular de la Secretar\u00eda de Educaci\u00f3n (SEDUC), Ricardo Medina Farf\u00e1n, al inaugurar la rehabilitaci\u00f3n de la Escuela Primaria \u201cPablo Garc\u00eda\u201d y posteriormente de la Escuela Primaria \u201cH\u00e9roe de Nacozari\u201d, en los que de manera conjunta se invirtieron m\u00e1s de dos 2.7 millones de pesos.<\/p>\n<p>Ante padres y madres de familia, docentes y comunidad educativa, el funcionario estatal al hacer uso de la palabra recalc\u00f3 que tan s\u00f3lo en este municipio, y derivado de las acciones y gestiones del Gobernador del Estado, Alejandro Moreno C\u00e1rdenas, se han ejecutado trabajos de modernizaci\u00f3n y atenci\u00f3n en 215 de escuelas, lo que representa un 80 por ciento del total de planteles, con inversi\u00f3n de 479 millones 128 mil 475 pesos.<\/p>\n<p>Pero no s\u00f3lo esto, a\u00f1adi\u00f3 Medina Farf\u00e1n, ya que para ejecutar acciones integrales se trabaja en el fomento de programas innovadores para mejorar la formaci\u00f3n que los alumnos reciben y muestra de ello son el Programa de Escuelas de Tiemplo Completo, Cuantrix, el Servicio de Transporte Escolar Gratuito, y \u00faltimamente la entrega de computadoras del programa \u201cGoogle For Education\u201d para nivel medio superior, sin dejar a un lado el tema de infraestructura, que actualmente beneficia a m\u00e1s del 63 por ciento de planteles educativo en todo el Estado.<\/p>\n<p>\u201cEstas escuelas son parte del esfuerzo que se est\u00e1 haciendo en todos los niveles educativos para dejarlas en mejores condiciones posibles, para que los alumnos acudan animados a ellas y con ganas de aprender; sabemos que la educaci\u00f3n es lo m\u00e1s importante que podemos tener, por ello es importante hacer que los colegios funcionen y funcionen bien\u201d, se\u00f1al\u00f3.<\/p>\n<p>En este mismo evento, y tras la inauguraci\u00f3n de esta rehabilitaci\u00f3n, el titular de la SEDUC encabez\u00f3 el inicio de la fase censal de la Olimpiada de Conocimiento Infantil (OCI) que en su edici\u00f3n 2018, contar\u00e1 con la participaci\u00f3n de 16 mil 153 alumnos de sexto grado de todo el Estado.<\/p>\n<p>Esta prueba, dijo, permitir\u00e1 que se seleccione a los mejores para participar en la etapa estatal y posteriormente una delegaci\u00f3n de diez estudiantes, los mejores promedios de todo el Estado representen a Campeche en un evento nacional en una convivencia con el Presidente de la Rep\u00fablica, Enrique Pe\u00f1a Nieto.<\/p>\n<p>Por su parte, el director General del Instituto de la Infraestructura F\u00edsica Educativa (INIFEEC), H\u00e9ctor P\u00e9rez Rodr\u00edguez, detall\u00f3 que en la Escuela Primaria \u201cPablo Garc\u00eda\u201d se suministr\u00f3 una subestaci\u00f3n el\u00e9ctrica, se equiparon las aulas con aires acondicionados, mantenimiento, pintura y se rehabilit\u00f3 la red el\u00e9ctrica, con inversi\u00f3n de un mill\u00f3n 386 mil pesos del Fondo de Aportaci\u00f3n M\u00faltiple (FAM) 2017.<\/p>\n<p>Al concluir esta actividad, el titular de la SEDUC visit\u00f3 tambi\u00e9n la Escuela Primaria \u201cH\u00e9roe de Nacozari\u201d, donde constat\u00f3 las acciones en materia de infraestructura que se llevaron a cabo en el colegio, y que permiti\u00f3 la rehabilitaci\u00f3n de los edificios a, b y c, la reparaci\u00f3n de la instalaci\u00f3n el\u00e9ctrica, luminarias, pintura, y el suministro de aires acondicionados, bardas de apoyo para ni\u00f1os con discapacidad, para lo que se erog\u00f3 un recurso de un mill\u00f3n 391 mil pesos.<\/p>\n","protected":false},"excerpt":{"rendered":"<p>Inauguran planteles de Educaci\u00f3n B\u00e1sica en la capital del Estado.<\/p>\n","protected":false},"author":1018,"featured_media":0,"comment_status":"open","ping_status":"open","sticky":false,"template":"","format":"standard","meta":{"tdm_status":"","tdm_grid_status":"","footnotes":""},"categories":[27],"tags":[],"_links":{"self":[{"href":"https:\/\/dralvarez.com.mx\/larevista\/wp-json\/wp\/v2\/posts\/63271"}],"collection":[{"href":"https:\/\/dralvarez.com.mx\/larevista\/wp-json\/wp\/v2\/posts"}],"about":[{"href":"https:\/\/dralvarez.com.mx\/larevista\/wp-json\/wp\/v2\/types\/post"}],"author":[{"embeddable":true,"href":"https:\/\/dralvarez.com.mx\/larevista\/wp-json\/wp\/v2\/users\/1018"}],"replies":[{"embeddable":true,"href":"https:\/\/dralvarez.com.mx\/larevista\/wp-json\/wp\/v2\/comments?post=63271"}],"version-history":[{"count":0,"href":"https:\/\/dralvarez.com.mx\/larevista\/wp-json\/wp\/v2\/posts\/63271\/revisions"}],"wp:attachment":[{"href":"https:\/\/dralvarez.com.mx\/larevista\/wp-json\/wp\/v2\/media?parent=63271"}],"wp:term":[{"taxonomy":"category","embeddable":true,"href":"https:\/\/dralvarez.com.mx\/larevista\/wp-json\/wp\/v2\/categories?post=63271"},{"taxonomy":"post_tag","embeddable":true,"href":"https:\/\/dralvarez.com.mx\/larevista\/wp-json\/wp\/v2\/tags?post=63271"}],"curies":[{"name":"wp","href":"https:\/\/api.w.org\/{rel}","templated":true}]}}