{"id":63246,"date":"2018-03-16T00:00:00","date_gmt":"2018-03-16T06:00:00","guid":{"rendered":"https:\/\/dralvarez.com.mx\/larevista\/blog\/aprueban-dictamen-de-campeche-como-zona-economica-especial-23006"},"modified":"2018-03-16T00:00:00","modified_gmt":"2018-03-16T06:00:00","slug":"aprueban-dictamen-de-campeche-como-zona-economica-especial-23006","status":"publish","type":"post","link":"https:\/\/dralvarez.com.mx\/larevista\/compeche\/aprueban-dictamen-de-campeche-como-zona-economica-especial-23006","title":{"rendered":"Aprueban dictamen de Campeche como Zona Econ\u00f3mica Especial"},"content":{"rendered":"<\/p>\n<p><b>CIUDAD DE M\u00c9XICO- <\/b>La<br \/>\nComisi\u00f3n Intersecretarial de Zonas Econ\u00f3micas Especiales (CIZEE), aprob\u00f3 hoy el<br \/>\ndictamen de la Zona Econ\u00f3mica Especial de Campeche, lo que representa un logro<br \/>\nm\u00e1s de las gestiones que el gobernador Alejandro Moreno C\u00e1rdenas ha realizado<br \/>\nante el presidente Enrique Pe\u00f1a Nieto para impulsar la transformaci\u00f3n del<br \/>\nestado. Tras el resolutivo, en breve ser\u00e1 emitida la declaratoria<br \/>\ncorrespondiente.<\/p>\n<p>El<br \/>\ndocumento fue presentado durante la primera sesi\u00f3n extraordinaria de la<br \/>\nComisi\u00f3n Intersecretarial que presidi\u00f3 el secretario de Hacienda y Cr\u00e9dito<br \/>\nP\u00fablico, Jos\u00e9 Antonio Gonz\u00e1lez Anaya.<\/p>\n<p>De<br \/>\nacuerdo a la Autoridad Federal para el Desarrollo de las Zonas Econ\u00f3micas<br \/>\nEspeciales (AFDZEE), se estima que el proyecto propicie inversiones productivas<br \/>\npor tres mil 675 millones de d\u00f3lares, y la generaci\u00f3n hasta de 51 mil empleos,<br \/>\nen un plazo m\u00e1ximo de 20 a\u00f1os.<\/p>\n<p>Con<br \/>\nel establecimiento de la ZEE, Campeche no s\u00f3lo aprovechar\u00e1 los beneficios de la<br \/>\nreforma energ\u00e9tica sino impulsar\u00e1 el desarrollo de otros sectores productivos,<br \/>\nentre ellos el agroindustrial, qu\u00edmico, de autopartes, y de la pulpa y el papel.<\/p>\n<p>Cabe<br \/>\nrecordar que el<br \/>\nGobernador del Estado ha se\u00f1alado que Campeche no estaba considerada como ZEE por<br \/>\nlo que se dio a la tarea de gestionar ante Pe\u00f1a Nieto la inclusi\u00f3n del estado<br \/>\nen este proyecto de desarrollo regional, y<br \/>\nen respuesta a su planteamiento, a principios de mayo de 2016 el<br \/>\nPresidente de M\u00e9xico anunci\u00f3 el establecimiento de la ZEE de Campeche como una &nbsp;estrategia del Programa de Reactivaci\u00f3n Econ\u00f3mica<br \/>\ny Desarrollo Productivo, presentada para resarcir la afectaci\u00f3n econ\u00f3mica que se<br \/>\ngener\u00f3 con la ca\u00edda de los precios y la producci\u00f3n del petr\u00f3leo.<\/p><\/p>\n","protected":false},"excerpt":{"rendered":"<p>Resultado de las gestiones del gobernador AMC ante el presidente EPN<\/p>\n","protected":false},"author":1018,"featured_media":0,"comment_status":"open","ping_status":"open","sticky":false,"template":"","format":"standard","meta":{"tdm_status":"","tdm_grid_status":"","footnotes":""},"categories":[27],"tags":[],"_links":{"self":[{"href":"https:\/\/dralvarez.com.mx\/larevista\/wp-json\/wp\/v2\/posts\/63246"}],"collection":[{"href":"https:\/\/dralvarez.com.mx\/larevista\/wp-json\/wp\/v2\/posts"}],"about":[{"href":"https:\/\/dralvarez.com.mx\/larevista\/wp-json\/wp\/v2\/types\/post"}],"author":[{"embeddable":true,"href":"https:\/\/dralvarez.com.mx\/larevista\/wp-json\/wp\/v2\/users\/1018"}],"replies":[{"embeddable":true,"href":"https:\/\/dralvarez.com.mx\/larevista\/wp-json\/wp\/v2\/comments?post=63246"}],"version-history":[{"count":0,"href":"https:\/\/dralvarez.com.mx\/larevista\/wp-json\/wp\/v2\/posts\/63246\/revisions"}],"wp:attachment":[{"href":"https:\/\/dralvarez.com.mx\/larevista\/wp-json\/wp\/v2\/media?parent=63246"}],"wp:term":[{"taxonomy":"category","embeddable":true,"href":"https:\/\/dralvarez.com.mx\/larevista\/wp-json\/wp\/v2\/categories?post=63246"},{"taxonomy":"post_tag","embeddable":true,"href":"https:\/\/dralvarez.com.mx\/larevista\/wp-json\/wp\/v2\/tags?post=63246"}],"curies":[{"name":"wp","href":"https:\/\/api.w.org\/{rel}","templated":true}]}}