{"id":63223,"date":"2018-03-15T00:00:00","date_gmt":"2018-03-15T06:00:00","guid":{"rendered":"https:\/\/dralvarez.com.mx\/larevista\/blog\/curso-taller-entrega-recepcion-a-servidores-publicos-municipales-y-juntas-municipales-22983"},"modified":"2018-03-15T00:00:00","modified_gmt":"2018-03-15T06:00:00","slug":"curso-taller-entrega-recepcion-a-servidores-publicos-municipales-y-juntas-municipales-22983","status":"publish","type":"post","link":"https:\/\/dralvarez.com.mx\/larevista\/compeche\/curso-taller-entrega-recepcion-a-servidores-publicos-municipales-y-juntas-municipales-22983","title":{"rendered":"Curso-taller \u201cEntrega Recepci\u00f3n a Servidores P\u00fablicos Municipales y Juntas Municipales\u201d"},"content":{"rendered":"<p>El Instituto de Desarrollo y Formaci\u00f3n Social (INDEFOS) imparti\u00f3 el curso-taller \u201cEntrega Recepci\u00f3n a Servidores P\u00fablicos Municipales y Juntas Municipales\u201d, en el Sal\u00f3n Solidaridad del Ayuntamiento de Champot\u00f3n, con el objetivo de que los participantes puedan identificar y comprender los principales elementos para la integraci\u00f3n de la entrega-recepci\u00f3n del gobierno municipal, en el contexto de la rendici\u00f3n de cuentas, la transparencia y el acceso a la informaci\u00f3n p\u00fablica. Con este taller se establece a los servidores municipales la importancia de este proceso administrativo como parte de un cumplimiento obligatorio y formal sobre el estado que guarda la administraci\u00f3n p\u00fablica.<\/p>\n<p>Por otra parte el<br \/>\nInstituto de Desarrollo y Formaci\u00f3n Social (Indefos), en coordinaci\u00f3n con el Sistema<br \/>\nDIF Estatal, realiza acciones para sensibilizar a los servidores p\u00fablicos<br \/>\nmunicipales, por lo que se imparti\u00f3 el taller \u201cPrograma de Sensibilizaci\u00f3n<br \/>\nJuntos por la Inclusi\u00f3n\u201d en las Instalaciones del DIF Municipal de Campeche, con<br \/>\nla finalidad de concientizar a los servidores p\u00fablicos sobre la inclusi\u00f3n en la<br \/>\nsociedad de personas con discapacidad.<\/p>\n","protected":false},"excerpt":{"rendered":"<p>Impartido por el Instituto de Desarrollo y Formaci\u00f3n Social.<\/p>\n","protected":false},"author":1018,"featured_media":0,"comment_status":"open","ping_status":"open","sticky":false,"template":"","format":"standard","meta":{"tdm_status":"","tdm_grid_status":"","footnotes":""},"categories":[27],"tags":[],"_links":{"self":[{"href":"https:\/\/dralvarez.com.mx\/larevista\/wp-json\/wp\/v2\/posts\/63223"}],"collection":[{"href":"https:\/\/dralvarez.com.mx\/larevista\/wp-json\/wp\/v2\/posts"}],"about":[{"href":"https:\/\/dralvarez.com.mx\/larevista\/wp-json\/wp\/v2\/types\/post"}],"author":[{"embeddable":true,"href":"https:\/\/dralvarez.com.mx\/larevista\/wp-json\/wp\/v2\/users\/1018"}],"replies":[{"embeddable":true,"href":"https:\/\/dralvarez.com.mx\/larevista\/wp-json\/wp\/v2\/comments?post=63223"}],"version-history":[{"count":0,"href":"https:\/\/dralvarez.com.mx\/larevista\/wp-json\/wp\/v2\/posts\/63223\/revisions"}],"wp:attachment":[{"href":"https:\/\/dralvarez.com.mx\/larevista\/wp-json\/wp\/v2\/media?parent=63223"}],"wp:term":[{"taxonomy":"category","embeddable":true,"href":"https:\/\/dralvarez.com.mx\/larevista\/wp-json\/wp\/v2\/categories?post=63223"},{"taxonomy":"post_tag","embeddable":true,"href":"https:\/\/dralvarez.com.mx\/larevista\/wp-json\/wp\/v2\/tags?post=63223"}],"curies":[{"name":"wp","href":"https:\/\/api.w.org\/{rel}","templated":true}]}}