{"id":63199,"date":"2018-03-14T00:00:00","date_gmt":"2018-03-14T06:00:00","guid":{"rendered":"https:\/\/dralvarez.com.mx\/larevista\/blog\/fomenta-seduc-cuidado-y-proteccion-del-medio-ambiente-en-ninas-y-ninos-de-la-entidad-22957"},"modified":"2018-03-14T00:00:00","modified_gmt":"2018-03-14T06:00:00","slug":"fomenta-seduc-cuidado-y-proteccion-del-medio-ambiente-en-ninas-y-ninos-de-la-entidad-22957","status":"publish","type":"post","link":"https:\/\/dralvarez.com.mx\/larevista\/compeche\/fomenta-seduc-cuidado-y-proteccion-del-medio-ambiente-en-ninas-y-ninos-de-la-entidad-22957","title":{"rendered":"Fomenta SEDUC cuidado y protecci\u00f3n del medio ambiente en ni\u00f1as y ni\u00f1os de la entidad"},"content":{"rendered":"<p><b><i><\/i><\/b><\/p>\n<blockquote><p><b><i>Desarrolla el programa \u201cEl ambiente est\u00e1 en tu escuela, siembra un \u00e1rbol\u201d.<\/i><\/b><\/p><\/blockquote>\n<p>Para fomentar el cuidado y protecci\u00f3n del medio ambiente desde la ni\u00f1ez, la Secretar\u00eda de Educaci\u00f3n del Estado de Campeche (SEDUC) llev\u00f3 el programa \u201cEl ambiente est\u00e1 en tu escuela, siembra un \u00e1rbol\u201d a la Escuela Primaria \u201cFidencio Poot Chabl\u00e9\u201d, de la ciudad capital, donde se realiz\u00f3 la siembra de 200 \u00e1rboles de ornato con la participaci\u00f3n de alumnos, docentes, autoridades educativas, madres y padres de familia, quienes se comprometieron al cuidado de estos espacios verdes, as\u00ed como tomar medidas para preservar la naturaleza.<\/p>\n<p>En representaci\u00f3n del titular de la SEDUC, Ricardo Medina Farf\u00e1n, el subdirector de Investigaci\u00f3n y Desarrollo Educativo (SIDE) de la dependencia, David Fern\u00e1ndez Dom\u00ednguez, se\u00f1al\u00f3 que esta jornada ambiental, que se ha implementado en diversos planteles del Estado desde hace casi dos a\u00f1os, busca impulsar en las ni\u00f1as y ni\u00f1os, el respeto y amor por la naturaleza. Asimismo, durante la jornada, personal especializado explic\u00f3 el adecuado proceso de siembra, as\u00ed como la temporalidad para su riego. Cabe mencionar que de manera preliminar se realizaron acciones de activaci\u00f3n f\u00edsica promoviendo del mismo modo, el cuidado de la salud.<\/p>\n","protected":false},"excerpt":{"rendered":"<p>Desarrolla el programa \u201cEl ambiente est\u00e1 en tu escuela, siembra un \u00e1rbol\u201d.<\/p>\n","protected":false},"author":1018,"featured_media":0,"comment_status":"open","ping_status":"open","sticky":false,"template":"","format":"standard","meta":{"tdm_status":"","tdm_grid_status":"","footnotes":""},"categories":[27],"tags":[],"_links":{"self":[{"href":"https:\/\/dralvarez.com.mx\/larevista\/wp-json\/wp\/v2\/posts\/63199"}],"collection":[{"href":"https:\/\/dralvarez.com.mx\/larevista\/wp-json\/wp\/v2\/posts"}],"about":[{"href":"https:\/\/dralvarez.com.mx\/larevista\/wp-json\/wp\/v2\/types\/post"}],"author":[{"embeddable":true,"href":"https:\/\/dralvarez.com.mx\/larevista\/wp-json\/wp\/v2\/users\/1018"}],"replies":[{"embeddable":true,"href":"https:\/\/dralvarez.com.mx\/larevista\/wp-json\/wp\/v2\/comments?post=63199"}],"version-history":[{"count":0,"href":"https:\/\/dralvarez.com.mx\/larevista\/wp-json\/wp\/v2\/posts\/63199\/revisions"}],"wp:attachment":[{"href":"https:\/\/dralvarez.com.mx\/larevista\/wp-json\/wp\/v2\/media?parent=63199"}],"wp:term":[{"taxonomy":"category","embeddable":true,"href":"https:\/\/dralvarez.com.mx\/larevista\/wp-json\/wp\/v2\/categories?post=63199"},{"taxonomy":"post_tag","embeddable":true,"href":"https:\/\/dralvarez.com.mx\/larevista\/wp-json\/wp\/v2\/tags?post=63199"}],"curies":[{"name":"wp","href":"https:\/\/api.w.org\/{rel}","templated":true}]}}