{"id":63198,"date":"2018-03-14T00:00:00","date_gmt":"2018-03-14T06:00:00","guid":{"rendered":"https:\/\/dralvarez.com.mx\/larevista\/blog\/gira-del-dia-del-nino-y-la-madre-en-escuelas-de-hecelchakan-y-tenabo-22956"},"modified":"2018-03-14T00:00:00","modified_gmt":"2018-03-14T06:00:00","slug":"gira-del-dia-del-nino-y-la-madre-en-escuelas-de-hecelchakan-y-tenabo-22956","status":"publish","type":"post","link":"https:\/\/dralvarez.com.mx\/larevista\/compeche\/gira-del-dia-del-nino-y-la-madre-en-escuelas-de-hecelchakan-y-tenabo-22956","title":{"rendered":"Gira del d\u00eda del ni\u00f1o y la madre en escuelas de Hecelchak\u00e1n y Tenabo"},"content":{"rendered":"<\/p>\n<p>\u201cAnte el compromiso del Gobernador del Estado, Alejandro Moreno C\u00e1rdenas, de cuidar y proteger a los ni\u00f1os y a las madres de familia, venimos a entregarles significativos obsequios que les env\u00eda\u201d, precis\u00f3 la Directora General del DIF, Silvia Elena Parrao Arceo, en representaci\u00f3n de la Presidenta del Patronato del DIF Estatal, Christelle Casta\u00f1\u00f3n de Moreno, al convivir durante la Gira del d\u00eda del Ni\u00f1o y de la Madre 2018 con decenas de ni\u00f1os y sus mam\u00e1s de los municipios de Hecelchak\u00e1n y Tenabo, a quienes &nbsp;exhort\u00f3 a ser siempre estudiosos, respetuosos y conducirse con valores.<\/p>\n<p>La visita a estas escuelas fue organizada por el Sistema Estatal para el Desarrollo Integral de la Familia (DIF), a trav\u00e9s de la Direcci\u00f3n de Desarrollo Familiar y Voluntariado, para celebrar a las ni\u00f1as, ni\u00f1os y mam\u00e1s, de quienes su desarrollo y protecci\u00f3n son prioridad para la actual administraci\u00f3n.<\/p>\n<p>Asimismo, Parrao Arceo entreg\u00f3 juguetes, kits deportivos y enseres de cocina para las madres; y expres\u00f3 su deseo de que la ni\u00f1ez de todo Campeche disfrute mucho las celebraciones en su d\u00eda, que oficialmente ser\u00e1 el 30 de abril, agradeciendo tambi\u00e9n el recibimiento de los ni\u00f1os en cada plantel.<\/p>\n<p>Acompa\u00f1ada por la presidenta del DIF Hecelchak\u00e1n, Elvira Che de Pech, y la Directora de Desarrollo Familiar y Voluntariado, Sonia Castillo Trevi\u00f1o, la Directora del DIF Estatal visit\u00f3 a los 446 alumnos de la escuela primaria \u201cCarlos R. Men\u00e9ndez\u201d, donde fue recibida por el director del plantel Fidencio Pech Caamal.<\/p>\n<p>En ese mismo municipio, las autoridades visitaron la primaria \u201cJusto Sierra M\u00e9ndez\u201d, que alberga a 223 estudiantes, quienes recibieron juguetes y un kit deportivo que agradeci\u00f3 su director, Juan Manuel Euan Uitz.<\/p>\n<p>La gira contin\u00fao en el municipio de Tenabo, donde Parrao Arceo estuvo acompa\u00f1ada por &nbsp;el Presidente Municipal, Jos\u00e9 Francisco Ku L\u00f3pez, y su esposa, la Presidenta del DIF Tenabo, Liliana Barahona de L\u00f3pez, entregando obsequios y kits deportivos a 614 alumnos de la escuela \u201cJos\u00e9 Mu\u00f1oz Archivor\u201d, y 245 de la primaria \u201cUNESCO\u201d.<\/p><\/p>\n","protected":false},"excerpt":{"rendered":"<p>Ante el compromiso del Gobernador del Estado, Alejandro Moreno C\u00e1rdenas, de cuidar y proteger a los ni\u00f1os y a las madres de familia.<\/p>\n","protected":false},"author":1018,"featured_media":0,"comment_status":"open","ping_status":"open","sticky":false,"template":"","format":"standard","meta":{"tdm_status":"","tdm_grid_status":"","footnotes":""},"categories":[27],"tags":[],"_links":{"self":[{"href":"https:\/\/dralvarez.com.mx\/larevista\/wp-json\/wp\/v2\/posts\/63198"}],"collection":[{"href":"https:\/\/dralvarez.com.mx\/larevista\/wp-json\/wp\/v2\/posts"}],"about":[{"href":"https:\/\/dralvarez.com.mx\/larevista\/wp-json\/wp\/v2\/types\/post"}],"author":[{"embeddable":true,"href":"https:\/\/dralvarez.com.mx\/larevista\/wp-json\/wp\/v2\/users\/1018"}],"replies":[{"embeddable":true,"href":"https:\/\/dralvarez.com.mx\/larevista\/wp-json\/wp\/v2\/comments?post=63198"}],"version-history":[{"count":0,"href":"https:\/\/dralvarez.com.mx\/larevista\/wp-json\/wp\/v2\/posts\/63198\/revisions"}],"wp:attachment":[{"href":"https:\/\/dralvarez.com.mx\/larevista\/wp-json\/wp\/v2\/media?parent=63198"}],"wp:term":[{"taxonomy":"category","embeddable":true,"href":"https:\/\/dralvarez.com.mx\/larevista\/wp-json\/wp\/v2\/categories?post=63198"},{"taxonomy":"post_tag","embeddable":true,"href":"https:\/\/dralvarez.com.mx\/larevista\/wp-json\/wp\/v2\/tags?post=63198"}],"curies":[{"name":"wp","href":"https:\/\/api.w.org\/{rel}","templated":true}]}}