{"id":63197,"date":"2018-03-14T00:00:00","date_gmt":"2018-03-14T06:00:00","guid":{"rendered":"https:\/\/dralvarez.com.mx\/larevista\/blog\/eleccion-del-difusor-estatal-2018-22955"},"modified":"2018-03-14T00:00:00","modified_gmt":"2018-03-14T06:00:00","slug":"eleccion-del-difusor-estatal-2018-22955","status":"publish","type":"post","link":"https:\/\/dralvarez.com.mx\/larevista\/compeche\/eleccion-del-difusor-estatal-2018-22955","title":{"rendered":"Elecci\u00f3n del Difusor Estatal 2018"},"content":{"rendered":"<\/p>\n<p>Reynaldo Hern\u00e1ndez Montejo, representante del Municipio de Calakmul, fue electo \u201cNi\u00f1o DIFusor Estatal 2018\u201d despu\u00e9s de una re\u00f1ida elecci\u00f3n, recibiendo la felicitaci\u00f3n de la Directora General del DIF, Silvia Elena Parrao Arceo, en representaci\u00f3n de la Presidenta del Patronato del DIF Estatal, Christelle Casta\u00f1\u00f3n de Moreno, en evento celebrado en el municipio de Tenabo, donde tomaron protesta los 11 difusores municipales y entreg\u00f3 reconocimientos a todos los participantes que este a\u00f1o trataron el tema \u201cLibres de Huellas &nbsp;de Dolor\u201d (Autolesi\u00f3n). Asimismo, de acuerdo al sorteo, el municipio de Candelaria ser\u00e1 sede de la elecci\u00f3n 2019.<\/p>\n<p>Este a\u00f1o la sede de selecci\u00f3n fue el municipio de Tenabo, por lo que los trabajos de clausura se realizaron en el Teatro de la Ciudad, acto convocado por la Procuradur\u00eda de Protecci\u00f3n a Ni\u00f1as, Ni\u00f1os y Adolescentes (PNNA), a trav\u00e9s del Centro de Atenci\u00f3n Psicosocial a Ni\u00f1as, Ni\u00f1os y Adolescentes y la Coordinaci\u00f3n de Promoci\u00f3n y Difusi\u00f3n de los Derechos de las Ni\u00f1as, Ni\u00f1os &nbsp;Adolescentes.<\/p>\n<p>En el evento participaron 86 ni\u00f1os de los 11 municipios, quienes mediante actividades presentaron 11 proyectos representando a su comunidad, y al final de la jornada eligieron al \u201cDIFusor Estatal\u201d mediante el ejercicio democr\u00e1tico supervisado por autoridades del Instituto Electoral del Estado de Campeche (IEEC).<\/p>\n<p>Parrao Arceo, acompa\u00f1ada por la titular de la PNNA, Teresita Rodr\u00edguez Ch\u00ed, y la Presidenta del DIF Tenabo, Liliana Barahona de L\u00f3pez, saludo a todos los ni\u00f1os participantes, y exhort\u00f3 al ganador a representar orgullosamente a Campeche a nivel nacional; asimismo, record\u00f3 el excelente papel que realiz\u00f3 el Difusor Estatal 2017, Daniel Reyes Osorio.<\/p>\n<p>Indic\u00f3 que los ni\u00f1os fueron claros en el tema que se trat\u00f3 este a\u00f1o, pero m\u00e1s que nada que tambi\u00e9n proponen una soluci\u00f3n. \u201c\u00a1Felicidades!, lo hicieron muy bien, ahora lo que sigue es echar andar los proyectos y, m\u00e1s que nada, no perder el contacto con los dem\u00e1s ni\u00f1os para que fructifique lo aprendido\u201d, se\u00f1al\u00f3.<\/p>\n<p>&nbsp;-A veces no es f\u00e1cil, pero los invito a seguir en la red de difusores para lograr sus sue\u00f1os y estar cerca de los DIF Municipales, que siempre tienen voluntad de apoyarlos -recalc\u00f3.<\/p>\n<p>Por su parte, la Presidenta del DIF Tenabo dio la bienvenida a los asistentes, entre los que se encontraban las presidentas de los Sistemas DIF Municipales; resumi\u00f3 las actividades que realizaron los participantes y resalt\u00f3 el compromiso de su administraci\u00f3n por velar por sus derechos.<\/p>\n<p>En tanto, Rodr\u00edguez Ch\u00ed precis\u00f3 que el \u201cDIFusor Estatal 2018\u201d representar\u00e1 al grupo de DIFusores de los Derechos de Ni\u00f1as, Ni\u00f1os y Adolescentes a nivel Nacional en el \u201c17\u00b0 Taller Nacional de DIFusores de los Derechos de Ni\u00f1as, Ni\u00f1os y Adolescentes\u201d, en la Ciudad de M\u00e9xico, convocado por el Sistema DIF Nacional, a realizarse del 25 al 27 de abril del presente a\u00f1o, trabajando el tema \u201cMi Derecho de Acceso a una Vida Libre de Violencia y a la Integridad Personal contra la Trata de Personas\u201d.<\/p>\n<p>Finalmente, las autoridades entregaron reconocimientos a los participantes, y al grupo denominado \u201cLa Jugarreta Espacios de Participaci\u00f3n A.C\u201d por ser los moderadores de las actividades, que en su nombre recibi\u00f3 Mar\u00eda Morf\u00edn Stoopen.<\/p><\/p>\n","protected":false},"excerpt":{"rendered":"<p>Reynaldo Hern\u00e1ndez Montejo, representante del Municipio de Calakmul, fue electo \u201cNi\u00f1o DIFusor Estatal 2018\u201d.<\/p>\n","protected":false},"author":1018,"featured_media":0,"comment_status":"open","ping_status":"open","sticky":false,"template":"","format":"standard","meta":{"tdm_status":"","tdm_grid_status":"","footnotes":""},"categories":[27],"tags":[],"_links":{"self":[{"href":"https:\/\/dralvarez.com.mx\/larevista\/wp-json\/wp\/v2\/posts\/63197"}],"collection":[{"href":"https:\/\/dralvarez.com.mx\/larevista\/wp-json\/wp\/v2\/posts"}],"about":[{"href":"https:\/\/dralvarez.com.mx\/larevista\/wp-json\/wp\/v2\/types\/post"}],"author":[{"embeddable":true,"href":"https:\/\/dralvarez.com.mx\/larevista\/wp-json\/wp\/v2\/users\/1018"}],"replies":[{"embeddable":true,"href":"https:\/\/dralvarez.com.mx\/larevista\/wp-json\/wp\/v2\/comments?post=63197"}],"version-history":[{"count":0,"href":"https:\/\/dralvarez.com.mx\/larevista\/wp-json\/wp\/v2\/posts\/63197\/revisions"}],"wp:attachment":[{"href":"https:\/\/dralvarez.com.mx\/larevista\/wp-json\/wp\/v2\/media?parent=63197"}],"wp:term":[{"taxonomy":"category","embeddable":true,"href":"https:\/\/dralvarez.com.mx\/larevista\/wp-json\/wp\/v2\/categories?post=63197"},{"taxonomy":"post_tag","embeddable":true,"href":"https:\/\/dralvarez.com.mx\/larevista\/wp-json\/wp\/v2\/tags?post=63197"}],"curies":[{"name":"wp","href":"https:\/\/api.w.org\/{rel}","templated":true}]}}