{"id":63175,"date":"2018-03-14T00:00:00","date_gmt":"2018-03-14T06:00:00","guid":{"rendered":"https:\/\/dralvarez.com.mx\/larevista\/blog\/fundacion-senior-experten-service-fortalece-lazos-con-icatcam-22933"},"modified":"2018-03-14T00:00:00","modified_gmt":"2018-03-14T06:00:00","slug":"fundacion-senior-experten-service-fortalece-lazos-con-icatcam-22933","status":"publish","type":"post","link":"https:\/\/dralvarez.com.mx\/larevista\/compeche\/fundacion-senior-experten-service-fortalece-lazos-con-icatcam-22933","title":{"rendered":"Fundaci\u00f3n Senior Experten Service fortalece lazos con ICATCAM"},"content":{"rendered":"<p>Para estrechar lazos de colaboraci\u00f3n en materia de capacitaci\u00f3n, el director general del Instituto de Capacitaci\u00f3n para el Trabajo (ICATCAM), Carlos Ortiz Pi\u00f1era, recibi\u00f3 la visita del delegado en M\u00e9xico de la Fundaci\u00f3n Senior Experten Service (SES), Gerhard Loecken Flum, para trabajar en estrategias de vinculaci\u00f3n que fortalezcan el sector econ\u00f3mico, tur\u00edstico, empresarial y educativo del Estado de Campeche.<\/p>\n<p>En el Consejo Coordinador Empresarial (CCE), ante la presencia de su presidente, Gustavo Rodr\u00edguez Valle, y los representantes de los organismos agremiados, el Director General del ICATCAM recalc\u00f3 que el Gobierno del Estado de Campeche tiene la firme convicci\u00f3n de proporcionar las mismas oportunidades de capacitaci\u00f3n, actualizaci\u00f3n e innovaci\u00f3n tanto para la iniciativa privada como la sociedad civil, y unir esfuerzos para lograr mejores resultados de desarrollo para la entidad.<\/p>\n<p>Ort\u00edz Pi\u00f1era agradeci\u00f3 la disposici\u00f3n desinteresada de la Fundaci\u00f3n Alemana, con la cual la instituci\u00f3n ha trabajado en diferentes ocasiones, y destac\u00f3 que \u201csiempre que tenemos la oportunidad de contar con sus conocimientos, el impacto que dejan en nuestra alumnos y comunidad, es invaluable\u201d.<\/p>\n<p>Cabe se\u00f1alar que dentro de la agenda de trabajo se contempla reuniones con instituciones educativas de nivel superior y el sector econ\u00f3mico.<\/p>\n<p>En la reuni\u00f3n, donde tambi\u00e9n estuvo presente el titular de la Secretar\u00eda de Turismo (SECTUR), Jorge Manos Esparragoza, Loecken Flum puso a servicio la experiencia de profesionales en el ramo de hoteler\u00eda, gastronom\u00eda, asesor\u00eda en planes locales de desarrollo tur\u00edstico, entre otros, beneficien dicho sector en la entidad.<\/p>\n<p>Por su parte, Manos Esparragoza se\u00f1al\u00f3 la importancia de fortalecer la atenci\u00f3n y calidad de servicios que se brinda a los turistas nacionales y extranjeros, por lo que se trabajar\u00e1 coordinadamente con el ICATCAM y SES sobre cursos de capacitaci\u00f3n y actualizaci\u00f3n para el personal de la instituci\u00f3n, como de las empresas tur\u00edsticas.<\/p>\n<p>Asimismo, el delegado de la Fundaci\u00f3n Alemana, ante directivos del Icatcam, manifest\u00f3 que son cerca de 13 mil jubilados, t\u00e9cnicos certificados y profesionistas de alta especialidad que ofrecen compartir de forma altruista sus conocimientos y experiencias; capacitan al personal, optimizan procesos, innovan, reparan equipos, entre m\u00faltiples actividades, y que ponen a disposici\u00f3n del Estado de Campeche.<\/p>\n","protected":false},"excerpt":{"rendered":"<p>Para estrechar lazos de colaboraci\u00f3n en materia de capacitaci\u00f3n.<\/p>\n","protected":false},"author":1018,"featured_media":0,"comment_status":"open","ping_status":"open","sticky":false,"template":"","format":"standard","meta":{"tdm_status":"","tdm_grid_status":"","footnotes":""},"categories":[27],"tags":[],"_links":{"self":[{"href":"https:\/\/dralvarez.com.mx\/larevista\/wp-json\/wp\/v2\/posts\/63175"}],"collection":[{"href":"https:\/\/dralvarez.com.mx\/larevista\/wp-json\/wp\/v2\/posts"}],"about":[{"href":"https:\/\/dralvarez.com.mx\/larevista\/wp-json\/wp\/v2\/types\/post"}],"author":[{"embeddable":true,"href":"https:\/\/dralvarez.com.mx\/larevista\/wp-json\/wp\/v2\/users\/1018"}],"replies":[{"embeddable":true,"href":"https:\/\/dralvarez.com.mx\/larevista\/wp-json\/wp\/v2\/comments?post=63175"}],"version-history":[{"count":0,"href":"https:\/\/dralvarez.com.mx\/larevista\/wp-json\/wp\/v2\/posts\/63175\/revisions"}],"wp:attachment":[{"href":"https:\/\/dralvarez.com.mx\/larevista\/wp-json\/wp\/v2\/media?parent=63175"}],"wp:term":[{"taxonomy":"category","embeddable":true,"href":"https:\/\/dralvarez.com.mx\/larevista\/wp-json\/wp\/v2\/categories?post=63175"},{"taxonomy":"post_tag","embeddable":true,"href":"https:\/\/dralvarez.com.mx\/larevista\/wp-json\/wp\/v2\/tags?post=63175"}],"curies":[{"name":"wp","href":"https:\/\/api.w.org\/{rel}","templated":true}]}}