{"id":63159,"date":"2018-03-14T00:00:00","date_gmt":"2018-03-14T06:00:00","guid":{"rendered":"https:\/\/dralvarez.com.mx\/larevista\/blog\/alcalde-ehh-encabeza-entrega-de-becas-a-hijos-de-trabajadores-del-ayuntamiento-22915"},"modified":"2018-03-14T00:00:00","modified_gmt":"2018-03-14T06:00:00","slug":"alcalde-ehh-encabeza-entrega-de-becas-a-hijos-de-trabajadores-del-ayuntamiento-22915","status":"publish","type":"post","link":"https:\/\/dralvarez.com.mx\/larevista\/compeche\/alcalde-ehh-encabeza-entrega-de-becas-a-hijos-de-trabajadores-del-ayuntamiento-22915","title":{"rendered":"Alcalde EHH encabeza entrega de becas a hijos de trabajadores del Ayuntamiento"},"content":{"rendered":"<\/p>\n<p>Al entregar 130 Becas a<br \/>\nhijos de los trabajadores sindicalizados del Gobierno Municipal, el alcalde<br \/>\nEdgar Hern\u00e1ndez Hern\u00e1ndez subray\u00f3 que los apoyos son un est\u00edmulo para que los<br \/>\nbeneficiarios contin\u00faen su formaci\u00f3n acad\u00e9mica con el mejor aprovechamiento<br \/>\nposible, y con el h\u00e1bito del estudio lograr ser destacados profesionales.<\/p>\n<p>Acompa\u00f1ado del Director<br \/>\nde la \u201cFundaci\u00f3n Pablo Garc\u00eda\u201d, Jorge Esquivel Ruiz, el Presidente Municipal de<br \/>\nCampeche signific\u00f3 que en lo que va de su gesti\u00f3n se han entregado un m\u00e1ximo<br \/>\nhist\u00f3rico de 419 becas con una inversi\u00f3n de 838 mil pesos, en coordinaci\u00f3n con<br \/>\nla citada fundaci\u00f3n.<\/p>\n<p>\u201cSiempre se ha dicho<br \/>\nque los j\u00f3venes son el futuro del pa\u00eds y del Estado. Pero este futuro ya nos<br \/>\nalcanz\u00f3. Hoy ustedes son un presente que con su esfuerzo se proyectan a un<br \/>\nmejor futuro\u201d, signific\u00f3 en el acto celebrado en la Sala de Cabildos de Palacio<br \/>\nMunicipal, donde estuvo acompa\u00f1ado de la titular de la Unidad de Administraci\u00f3n<br \/>\ny Calidad, Roc\u00edo Cruz Carrillo, y en representaci\u00f3n de los beneficiarios la<br \/>\nni\u00f1a Ashley Marisol Montores Garc\u00eda.<\/p>\n<p>\u201cEl Campeche de hoy, y<br \/>\nel que estamos construyendo con la visi\u00f3n de futuro del gobernador Alejandro<br \/>\nMoreno C\u00e1rdenas, necesita de todos sus j\u00f3venes. Pero los necesita muy bien<br \/>\npreparados para enfrentar con \u00e9xito los retos<br \/>\nde cada d\u00eda\u201d, a\u00f1adi\u00f3.<\/p>\n<p>Dijo que como<br \/>\nPresidente Municipal ve a los trabajadores sindicalizados del Ayuntamiento como<br \/>\nsus compa\u00f1eros de trabajo. \u201cCompa\u00f1eros que vamos en el mismo barco, y que<br \/>\nnuestra responsabilidad, cualquiera que sea la posici\u00f3n que ocupemos, es servir<br \/>\na la gente y luchar para mejorar la calidad de vida de los ciudadanos del<br \/>\nMunicipio, y hacer de San Francisco de Campeche la mejor ciudad para vivir\u201d,<br \/>\nsostuvo.<\/p>\n<p>Por su parte el<br \/>\nDirector de la Fundaci\u00f3n Pablo Garc\u00eda, Jorge Esquivel Ruiz, reconoci\u00f3 al<br \/>\nAyuntamiento de Campeche como el \u00fanico que trabaja coordinadamente para<br \/>\nbeneficiar a los hijos de los trabajadores del municipio, y destac\u00f3 que en la<br \/>\nadministraci\u00f3n pasada se entregaron 180 becas con una inversi\u00f3n de 360 mil<br \/>\npesos.<\/p>\n<p>\u201cY el d\u00eda de hoy, nada<br \/>\nm\u00e1s hoy, estamos entregando 130 becas con una inversi\u00f3n total de 260 mil pesos.<br \/>\nY en la administraci\u00f3n del alcalde Edgar Hern\u00e1ndez Hern\u00e1ndez, hemos llegado a<br \/>\nun m\u00e1ximo hist\u00f3rico de 419 beneficiarios con una inversi\u00f3n de 838 mil pesos\u201d,<br \/>\nsubray\u00f3.<\/p>\n<p>Indic\u00f3 que con el<br \/>\ninter\u00e9s real de la gesti\u00f3n encabezada por Hern\u00e1ndez Hern\u00e1ndez, se ha crecido<br \/>\ncon el n\u00famero de becas como ning\u00fan otro programa y eso habla de un compromiso<br \/>\ntotal hacia todo el Ayuntamiento y a los hijos de sus trabajadores.<\/p>\n<p>A nombre de los<br \/>\nbeneficiarios, Ashley Marisol Montores Garc\u00eda agradeci\u00f3 la entrega de las Becas<br \/>\ncomo hijos de trabajadores del Ayuntamiento de Campeche y refrend\u00f3 su<br \/>\ncompromiso de \u201cseguir estudiando, esto ser\u00e1 posible gracias a las becas que<br \/>\notorga la Fundaci\u00f3n Pablo Garc\u00eda y el Ayuntamiento, ser becaria es una<br \/>\nresponsabilidad, tenemos que revalorar nuestros esfuerzos, estudiar m\u00e1s y<br \/>\naprender m\u00e1s\u201d.<\/p>\n<p>De manera simb\u00f3lica,<br \/>\nrecibieron sus becas: Camila Alejandra Acevedo Miguel. Julio Alfonso Field<br \/>\nLe\u00f3n, Fernanda Cecilia Angulo Uc, Luis Esteban Castillo Canul, Valeria Arjona<br \/>\nCamacho, Samuel Osvaldo Cahuich Ram\u00edrez, Jonathan Joseph Gonz\u00e1lez Cuj, Olga<br \/>\nVictoria Zubieta Coll\u00ed y Ashley Marisol Montores Garc\u00eda.<\/p><\/p>\n","protected":false},"excerpt":{"rendered":"<p>Entreg\u00f3 130 Becas a hijos de los trabajadores sindicalizados del Gobierno Municipal.<\/p>\n","protected":false},"author":1018,"featured_media":0,"comment_status":"open","ping_status":"open","sticky":false,"template":"","format":"standard","meta":{"tdm_status":"","tdm_grid_status":"","footnotes":""},"categories":[27],"tags":[],"_links":{"self":[{"href":"https:\/\/dralvarez.com.mx\/larevista\/wp-json\/wp\/v2\/posts\/63159"}],"collection":[{"href":"https:\/\/dralvarez.com.mx\/larevista\/wp-json\/wp\/v2\/posts"}],"about":[{"href":"https:\/\/dralvarez.com.mx\/larevista\/wp-json\/wp\/v2\/types\/post"}],"author":[{"embeddable":true,"href":"https:\/\/dralvarez.com.mx\/larevista\/wp-json\/wp\/v2\/users\/1018"}],"replies":[{"embeddable":true,"href":"https:\/\/dralvarez.com.mx\/larevista\/wp-json\/wp\/v2\/comments?post=63159"}],"version-history":[{"count":0,"href":"https:\/\/dralvarez.com.mx\/larevista\/wp-json\/wp\/v2\/posts\/63159\/revisions"}],"wp:attachment":[{"href":"https:\/\/dralvarez.com.mx\/larevista\/wp-json\/wp\/v2\/media?parent=63159"}],"wp:term":[{"taxonomy":"category","embeddable":true,"href":"https:\/\/dralvarez.com.mx\/larevista\/wp-json\/wp\/v2\/categories?post=63159"},{"taxonomy":"post_tag","embeddable":true,"href":"https:\/\/dralvarez.com.mx\/larevista\/wp-json\/wp\/v2\/tags?post=63159"}],"curies":[{"name":"wp","href":"https:\/\/api.w.org\/{rel}","templated":true}]}}