{"id":63158,"date":"2018-03-14T00:00:00","date_gmt":"2018-03-14T06:00:00","guid":{"rendered":"https:\/\/dralvarez.com.mx\/larevista\/blog\/seproci-recibe-capacitacion-para-el-uso-efectivo-del-agua-en-la-extincion-de-los-incendios-22914"},"modified":"2018-03-14T00:00:00","modified_gmt":"2018-03-14T06:00:00","slug":"seproci-recibe-capacitacion-para-el-uso-efectivo-del-agua-en-la-extincion-de-los-incendios-22914","status":"publish","type":"post","link":"https:\/\/dralvarez.com.mx\/larevista\/compeche\/seproci-recibe-capacitacion-para-el-uso-efectivo-del-agua-en-la-extincion-de-los-incendios-22914","title":{"rendered":"SEPROCI recibe capacitaci\u00f3n para el \u201cUso efectivo del agua  en la extinci\u00f3n de los incendios\u201d"},"content":{"rendered":"<p>Personal de la Direcci\u00f3n de Atenci\u00f3n de Emergencias y la subdirecci\u00f3n de Bomberos de la Secretar\u00eda de Protecci\u00f3n Civil (SEPROCI), as\u00ed como de las Direcciones de Protecci\u00f3n Civil de los municipios, acompa\u00f1ados del personal a su cargo, recibieron capacitaci\u00f3n para el \u201cUso efectivo del agua&nbsp; en la extinci\u00f3n de los incendios\u201d, impartido por la Comisi\u00f3n Nacional Forestal (CONAFOR), con la finalidad de poder prestar apoyo en caso de ser necesario durante la pr\u00f3xima temporada de calor y seca. De esta manera, los 51 asistentes recibieron conocimientos te\u00f3ricos y pr\u00e1cticos, como las actualizaciones necesarias en el uso de t\u00e9cnicas para el manejo de equipos de agua, motobomba y GPS. Cabe destacar la importancia que este curso tiene para las Unidades de Protecci\u00f3n Civil de los municipios, debido a que suelen ser los primeros respondientes en la atenci\u00f3n incendios en sus comunidades.<\/p>\n<p><\/p>\n","protected":false},"excerpt":{"rendered":"<p>Impartida por la Comisi\u00f3n Nacional Forestal (CONAFOR).<\/p>\n","protected":false},"author":1018,"featured_media":0,"comment_status":"open","ping_status":"open","sticky":false,"template":"","format":"standard","meta":{"tdm_status":"","tdm_grid_status":"","footnotes":""},"categories":[27],"tags":[],"_links":{"self":[{"href":"https:\/\/dralvarez.com.mx\/larevista\/wp-json\/wp\/v2\/posts\/63158"}],"collection":[{"href":"https:\/\/dralvarez.com.mx\/larevista\/wp-json\/wp\/v2\/posts"}],"about":[{"href":"https:\/\/dralvarez.com.mx\/larevista\/wp-json\/wp\/v2\/types\/post"}],"author":[{"embeddable":true,"href":"https:\/\/dralvarez.com.mx\/larevista\/wp-json\/wp\/v2\/users\/1018"}],"replies":[{"embeddable":true,"href":"https:\/\/dralvarez.com.mx\/larevista\/wp-json\/wp\/v2\/comments?post=63158"}],"version-history":[{"count":0,"href":"https:\/\/dralvarez.com.mx\/larevista\/wp-json\/wp\/v2\/posts\/63158\/revisions"}],"wp:attachment":[{"href":"https:\/\/dralvarez.com.mx\/larevista\/wp-json\/wp\/v2\/media?parent=63158"}],"wp:term":[{"taxonomy":"category","embeddable":true,"href":"https:\/\/dralvarez.com.mx\/larevista\/wp-json\/wp\/v2\/categories?post=63158"},{"taxonomy":"post_tag","embeddable":true,"href":"https:\/\/dralvarez.com.mx\/larevista\/wp-json\/wp\/v2\/tags?post=63158"}],"curies":[{"name":"wp","href":"https:\/\/api.w.org\/{rel}","templated":true}]}}