{"id":63151,"date":"2018-03-13T00:00:00","date_gmt":"2018-03-13T06:00:00","guid":{"rendered":"https:\/\/dralvarez.com.mx\/larevista\/blog\/cobacam-realizo-su-primera-sesion-ordinaria-de-junta-de-gobierno-2018-22907"},"modified":"2018-03-13T00:00:00","modified_gmt":"2018-03-13T06:00:00","slug":"cobacam-realizo-su-primera-sesion-ordinaria-de-junta-de-gobierno-2018-22907","status":"publish","type":"post","link":"https:\/\/dralvarez.com.mx\/larevista\/compeche\/cobacam-realizo-su-primera-sesion-ordinaria-de-junta-de-gobierno-2018-22907","title":{"rendered":"COBACAM realiz\u00f3 su Primera Sesi\u00f3n Ordinaria de Junta de Gobierno 2018"},"content":{"rendered":"<p>El Colegio de Bachilleres del Estado de Campeche (COBACAM) realiz\u00f3 su Primera Sesi\u00f3n Ordinaria de Junta de Gobierno 2018, la cual fue presidida por Carlos Figueroa Balam, Director de Educaci\u00f3n Media Superior, T\u00e9cnica y Superior, en representaci\u00f3n de Ricardo Medina Farf\u00e1n, titular de la Secretaria de Educaci\u00f3n (SEDUC); y por Adlemi Santiago Ram\u00edrez, Directora General del COBACAM. En esta sesi\u00f3n se expusieron las acciones realizadas en el \u00e1rea acad\u00e9mica y administrativa, analiz\u00e1ndose tambi\u00e9n temas relevantes para el funcionamiento de la instituci\u00f3n, as\u00ed como las estrategias para continuar ofertando una educaci\u00f3n media superior integral y de calidad a la juventud campechana, como lo ha indicado del Gobernador Alejandro Moreno C\u00e1rdenas.<\/p>\n<p><\/p>\n","protected":false},"excerpt":{"rendered":"<p>Presidida por Carlos Figueroa Balam, Director de Educaci\u00f3n Media Superior, T\u00e9cnica y Superior.<\/p>\n","protected":false},"author":1018,"featured_media":0,"comment_status":"open","ping_status":"open","sticky":false,"template":"","format":"standard","meta":{"tdm_status":"","tdm_grid_status":"","footnotes":""},"categories":[27],"tags":[],"_links":{"self":[{"href":"https:\/\/dralvarez.com.mx\/larevista\/wp-json\/wp\/v2\/posts\/63151"}],"collection":[{"href":"https:\/\/dralvarez.com.mx\/larevista\/wp-json\/wp\/v2\/posts"}],"about":[{"href":"https:\/\/dralvarez.com.mx\/larevista\/wp-json\/wp\/v2\/types\/post"}],"author":[{"embeddable":true,"href":"https:\/\/dralvarez.com.mx\/larevista\/wp-json\/wp\/v2\/users\/1018"}],"replies":[{"embeddable":true,"href":"https:\/\/dralvarez.com.mx\/larevista\/wp-json\/wp\/v2\/comments?post=63151"}],"version-history":[{"count":0,"href":"https:\/\/dralvarez.com.mx\/larevista\/wp-json\/wp\/v2\/posts\/63151\/revisions"}],"wp:attachment":[{"href":"https:\/\/dralvarez.com.mx\/larevista\/wp-json\/wp\/v2\/media?parent=63151"}],"wp:term":[{"taxonomy":"category","embeddable":true,"href":"https:\/\/dralvarez.com.mx\/larevista\/wp-json\/wp\/v2\/categories?post=63151"},{"taxonomy":"post_tag","embeddable":true,"href":"https:\/\/dralvarez.com.mx\/larevista\/wp-json\/wp\/v2\/tags?post=63151"}],"curies":[{"name":"wp","href":"https:\/\/api.w.org\/{rel}","templated":true}]}}