{"id":63145,"date":"2018-03-13T00:00:00","date_gmt":"2018-03-13T06:00:00","guid":{"rendered":"https:\/\/dralvarez.com.mx\/larevista\/blog\/curso-taller-uso-de-la-camara-estimulacion-sensorial-22901"},"modified":"2018-03-13T00:00:00","modified_gmt":"2018-03-13T06:00:00","slug":"curso-taller-uso-de-la-camara-estimulacion-sensorial-22901","status":"publish","type":"post","link":"https:\/\/dralvarez.com.mx\/larevista\/compeche\/curso-taller-uso-de-la-camara-estimulacion-sensorial-22901","title":{"rendered":"Curso -Taller &#8220;Uso de la C\u00e1mara Estimulaci\u00f3n Sensorial\u201d"},"content":{"rendered":"<p>La Secretar\u00eda de Educaci\u00f3n del Estado (SEDUC), a trav\u00e9s del Departamento de Educaci\u00f3n Especial, y con la participaci\u00f3n de todo el personal del Centro de Atenci\u00f3n M\u00faltiple (CAM) #18, realiz\u00f3 el Curso -Taller &#8220;Uso de la C\u00e1mara Estimulaci\u00f3n Sensorial\u201d, que luego de haber sido inaugurada en d\u00edas pasados, y con el prop\u00f3sito de reforzar la capacitaci\u00f3n y ofrecer formaci\u00f3n continua al personal de este CAM para que el servicio que presten sea de calidad, se cont\u00f3 con la presencia del coordinador de Terapia F\u00edsica del Centro de Rehabilitaci\u00f3n e Inclusi\u00f3n Infantil Telet\u00f3n (CRIT) del Estado de M\u00e9xico, Jos\u00e9 Antonio Adaya P\u00e9rez. En este taller participaron, terapistas y maestros de motricidad, y durante el mismo se abund\u00f3 sobre el correcto uso de la Sala Sensorial, as\u00ed como el adecuado manejo en atenci\u00f3n a los ni\u00f1os, ni\u00f1as y j\u00f3venes con autismo que acuden al espacio para recibir atenci\u00f3n especializada.<\/p>\n","protected":false},"excerpt":{"rendered":"<p>Con el prop\u00f3sito de reforzar la capacitaci\u00f3n y ofrecer formaci\u00f3n continua.<\/p>\n","protected":false},"author":1018,"featured_media":0,"comment_status":"open","ping_status":"open","sticky":false,"template":"","format":"standard","meta":{"tdm_status":"","tdm_grid_status":"","footnotes":""},"categories":[27],"tags":[],"_links":{"self":[{"href":"https:\/\/dralvarez.com.mx\/larevista\/wp-json\/wp\/v2\/posts\/63145"}],"collection":[{"href":"https:\/\/dralvarez.com.mx\/larevista\/wp-json\/wp\/v2\/posts"}],"about":[{"href":"https:\/\/dralvarez.com.mx\/larevista\/wp-json\/wp\/v2\/types\/post"}],"author":[{"embeddable":true,"href":"https:\/\/dralvarez.com.mx\/larevista\/wp-json\/wp\/v2\/users\/1018"}],"replies":[{"embeddable":true,"href":"https:\/\/dralvarez.com.mx\/larevista\/wp-json\/wp\/v2\/comments?post=63145"}],"version-history":[{"count":0,"href":"https:\/\/dralvarez.com.mx\/larevista\/wp-json\/wp\/v2\/posts\/63145\/revisions"}],"wp:attachment":[{"href":"https:\/\/dralvarez.com.mx\/larevista\/wp-json\/wp\/v2\/media?parent=63145"}],"wp:term":[{"taxonomy":"category","embeddable":true,"href":"https:\/\/dralvarez.com.mx\/larevista\/wp-json\/wp\/v2\/categories?post=63145"},{"taxonomy":"post_tag","embeddable":true,"href":"https:\/\/dralvarez.com.mx\/larevista\/wp-json\/wp\/v2\/tags?post=63145"}],"curies":[{"name":"wp","href":"https:\/\/api.w.org\/{rel}","templated":true}]}}