{"id":63144,"date":"2018-03-13T00:00:00","date_gmt":"2018-03-13T06:00:00","guid":{"rendered":"https:\/\/dralvarez.com.mx\/larevista\/blog\/gira-del-dia-del-nino-y-de-la-madre-en-el-municipio-de-escarcega-22900"},"modified":"2018-03-13T00:00:00","modified_gmt":"2018-03-13T06:00:00","slug":"gira-del-dia-del-nino-y-de-la-madre-en-el-municipio-de-escarcega-22900","status":"publish","type":"post","link":"https:\/\/dralvarez.com.mx\/larevista\/compeche\/gira-del-dia-del-nino-y-de-la-madre-en-el-municipio-de-escarcega-22900","title":{"rendered":"Gira del d\u00eda del ni\u00f1o y de la madre en el municipio de Esc\u00e1rcega"},"content":{"rendered":"<p>Con el prop\u00f3sito de festejar a las ni\u00f1as y ni\u00f1os, as\u00ed como a sus mam\u00e1s con motivo del D\u00eda del Ni\u00f1o y de la Madre, a celebrase el pr\u00f3ximo 30 de abril y 10 mayo, respectivamente,  la Directora General del DIF, Silvia Elena Parrao Arceo, acompa\u00f1ada por la Presidenta del Patronato del DIF Esc\u00e1rcega, Amantina Uc Paredes, entreg\u00f3 juguetes a los ni\u00f1os y enseres a las madres de familia, que agradecieron con cari\u00f1o, envi\u00e1ndoles saludos a la Presidenta del Patronato del DIF Estatal, Christelle Casta\u00f1\u00f3n de Moreno, y a su esposo el Gobernador Alejandro Moreno C\u00e1rdenas.<\/p>\n<p>Los 245 ni\u00f1os de la escuela primaria \u201cProfr. Juan Pacheco Torres\u201d disfrutaron de sus obsequios y se emocionaron con la entrega de un kit deportivo; y en la Escuela Primaria \u201cJuan Escutia\u201d, 247 estudiantes escucharon en voz de la Directora del DIF el saludos la Presidenta del Patronato del DIF Estatal, Christelle Casta\u00f1\u00f3n de Moreno, y la motivaci\u00f3n para que contin\u00faen estudiando para alcanzar sus metas, invit\u00e1ndolos a incentivar los valores en su familia, para as\u00ed contar con un mejor ambiente lleno de ni\u00f1os felices.<\/p>\n<p>Les record\u00f3 que  el DIF Estatal y Municipal tienen como prioridad  promover los derechos de las ni\u00f1as y ni\u00f1os, asimismo invit\u00f3 a convertirse en ciudadanos que respeten a las personas que los rodean, tanto en sus hogares como en la escuela.<\/p>\n<p>Asistieron a la primera gira, la Directora de Desarrollo Familiar y Voluntariado, Sonia Castillo Trevi\u00f1o; as\u00ed como autoridades municipales y de la secci\u00f3n educativa.<\/p>\n","protected":false},"excerpt":{"rendered":"<p>Con el prop\u00f3sito de festejar a las ni\u00f1as y ni\u00f1os, as\u00ed como a sus mam\u00e1s con motivo del D\u00eda del Ni\u00f1o y de la Madre.<\/p>\n","protected":false},"author":1018,"featured_media":0,"comment_status":"open","ping_status":"open","sticky":false,"template":"","format":"standard","meta":{"tdm_status":"","tdm_grid_status":"","footnotes":""},"categories":[27],"tags":[],"_links":{"self":[{"href":"https:\/\/dralvarez.com.mx\/larevista\/wp-json\/wp\/v2\/posts\/63144"}],"collection":[{"href":"https:\/\/dralvarez.com.mx\/larevista\/wp-json\/wp\/v2\/posts"}],"about":[{"href":"https:\/\/dralvarez.com.mx\/larevista\/wp-json\/wp\/v2\/types\/post"}],"author":[{"embeddable":true,"href":"https:\/\/dralvarez.com.mx\/larevista\/wp-json\/wp\/v2\/users\/1018"}],"replies":[{"embeddable":true,"href":"https:\/\/dralvarez.com.mx\/larevista\/wp-json\/wp\/v2\/comments?post=63144"}],"version-history":[{"count":0,"href":"https:\/\/dralvarez.com.mx\/larevista\/wp-json\/wp\/v2\/posts\/63144\/revisions"}],"wp:attachment":[{"href":"https:\/\/dralvarez.com.mx\/larevista\/wp-json\/wp\/v2\/media?parent=63144"}],"wp:term":[{"taxonomy":"category","embeddable":true,"href":"https:\/\/dralvarez.com.mx\/larevista\/wp-json\/wp\/v2\/categories?post=63144"},{"taxonomy":"post_tag","embeddable":true,"href":"https:\/\/dralvarez.com.mx\/larevista\/wp-json\/wp\/v2\/tags?post=63144"}],"curies":[{"name":"wp","href":"https:\/\/api.w.org\/{rel}","templated":true}]}}