{"id":63122,"date":"2018-03-12T00:00:00","date_gmt":"2018-03-12T06:00:00","guid":{"rendered":"https:\/\/dralvarez.com.mx\/larevista\/blog\/servidores-publicos-reciben-capacitacion-sobre-derechos-de-las-mujeres-migrantes-22876"},"modified":"2018-03-12T00:00:00","modified_gmt":"2018-03-12T06:00:00","slug":"servidores-publicos-reciben-capacitacion-sobre-derechos-de-las-mujeres-migrantes-22876","status":"publish","type":"post","link":"https:\/\/dralvarez.com.mx\/larevista\/compeche\/servidores-publicos-reciben-capacitacion-sobre-derechos-de-las-mujeres-migrantes-22876","title":{"rendered":"Servidores P\u00fablicos reciben capacitaci\u00f3n sobre derechos de las mujeres migrantes"},"content":{"rendered":"<p>Unos 40 servidores p\u00fablicos estatales participaron en la conferencia \u201cDerechos de las Mujeres Migrantes\u201d, impartida por la acad\u00e9mica y activista Tal\u00eda del Carmen V\u00e1zquez  Alatorre, con el fin de generar conciencia sobre la atenci\u00f3n que deben brindar a ese grupo poblacional y garantizarles acceso a la justicia y respeto a sus derechos humanos.&nbsp;<\/p>\n<p>Durante la charla, organizada en el marco de D\u00eda Internacional de la Mujer por la Secretar\u00eda General de Gobierno, en coordinaci\u00f3n con la Casa de la Cultura Jur\u00eddica \u201cCampeche\u201d, la activista destac\u00f3 que los cambios sustanciales que viven las mujeres en los niveles econ\u00f3mico, pol\u00edtico, social y cultural son los que motivan su migraci\u00f3n, como un proceso natural de sobrevivencia.<\/p>\n<p>Manifest\u00f3 que es necesario seguir trabajando por transformar el papel social, hist\u00f3ricament inferior al que se ha confinado a las mujeres por razones de g\u00e9nero.<\/p>\n<p>La tambi\u00e9n presidenta de la Asociaci\u00f3n \u201cM\u00e9xico contra la Impunidad A.C\u201d, resalt\u00f3 que es necesario garantizar que este sector tenga acceso a la justicia, as\u00ed como promover la equidad y el acceso a sus derechos sociales, particularmente, los de la salud, trabajo, educaci\u00f3n, cultura e identidad.&nbsp;<\/p>\n<p>Recalc\u00f3 que el reconocimiento p\u00fablico de la situaci\u00f3n que de manera cotidiana padecen, es el primer paso para promover el derecho a una vida libre de violencia.<\/p>\n<p>Apunt\u00f3 que los servidores p\u00fablicos tienen la capacidad de cambiar la situaci\u00f3n de estas mujeres, empezando por aprender que una persona indocumentada no es ilegal y poniendo en pr\u00e1ctica el respeto a los derechos humanos.<\/p>\n<p>V\u00e1zquez Alatorre, afirm\u00f3 que la migraci\u00f3n es un proceso que no se detendr\u00e1, pero que la mejor manera de tratarlo es regularlo y hacer valer los derechos de las personas, sobre todo, de las mujeres.<\/p>\n<p>Al t\u00e9rmino de su conferencia la activista recibi\u00f3 de manos de la directora de Derechos Humanos de la Secretar\u00eda General de Gobierno, Eslovenia Guti\u00e9rrez Valle, un reconocimiento por su participaci\u00f3n.<\/p>\n","protected":false},"excerpt":{"rendered":"<p>Unos 40 servidores p\u00fablicos estatales participaron en la conferencia \u201cDerechos de las Mujeres Migrantes\u201d.<\/p>\n","protected":false},"author":1018,"featured_media":0,"comment_status":"open","ping_status":"open","sticky":false,"template":"","format":"standard","meta":{"tdm_status":"","tdm_grid_status":"","footnotes":""},"categories":[27],"tags":[],"_links":{"self":[{"href":"https:\/\/dralvarez.com.mx\/larevista\/wp-json\/wp\/v2\/posts\/63122"}],"collection":[{"href":"https:\/\/dralvarez.com.mx\/larevista\/wp-json\/wp\/v2\/posts"}],"about":[{"href":"https:\/\/dralvarez.com.mx\/larevista\/wp-json\/wp\/v2\/types\/post"}],"author":[{"embeddable":true,"href":"https:\/\/dralvarez.com.mx\/larevista\/wp-json\/wp\/v2\/users\/1018"}],"replies":[{"embeddable":true,"href":"https:\/\/dralvarez.com.mx\/larevista\/wp-json\/wp\/v2\/comments?post=63122"}],"version-history":[{"count":0,"href":"https:\/\/dralvarez.com.mx\/larevista\/wp-json\/wp\/v2\/posts\/63122\/revisions"}],"wp:attachment":[{"href":"https:\/\/dralvarez.com.mx\/larevista\/wp-json\/wp\/v2\/media?parent=63122"}],"wp:term":[{"taxonomy":"category","embeddable":true,"href":"https:\/\/dralvarez.com.mx\/larevista\/wp-json\/wp\/v2\/categories?post=63122"},{"taxonomy":"post_tag","embeddable":true,"href":"https:\/\/dralvarez.com.mx\/larevista\/wp-json\/wp\/v2\/tags?post=63122"}],"curies":[{"name":"wp","href":"https:\/\/api.w.org\/{rel}","templated":true}]}}