{"id":63121,"date":"2018-03-12T00:00:00","date_gmt":"2018-03-12T06:00:00","guid":{"rendered":"https:\/\/dralvarez.com.mx\/larevista\/blog\/dif-estatal-inicia-gira-del-dia-de-nino-y-la-madre-2018-22875"},"modified":"2018-03-12T00:00:00","modified_gmt":"2018-03-12T06:00:00","slug":"dif-estatal-inicia-gira-del-dia-de-nino-y-la-madre-2018-22875","status":"publish","type":"post","link":"https:\/\/dralvarez.com.mx\/larevista\/compeche\/dif-estatal-inicia-gira-del-dia-de-nino-y-la-madre-2018-22875","title":{"rendered":"DIF Estatal inicia gira del d\u00eda de ni\u00f1o y la madre 2018"},"content":{"rendered":"<p>La Directora General del DIF, Silvia Elena Parrao Arceo, a nombre de la Presidenta del Patronato del DIF Estatal, Christelle Casta\u00f1\u00f3n de Moreno, refrend\u00f3 su compromiso de continuar trabajando por la ni\u00f1ez campechana al dar inicio a la gira del D\u00eda de Ni\u00f1o y de la Madre, al visitar a los alumnos de las escuelas primarias \u201cBenito Ju\u00e1rez\u201c y \u201cDr. H\u00e9ctor P\u00e9rez Mart\u00ednez\u201d, del municipio de Candelaria, donde tambi\u00e9n entreg\u00f3 kits deportivos.<\/p>\n<p>Acompa\u00f1ada por la Presidenta del DIF Municipal de Candelaria, Adelayda Huerta de Far\u00edas, y la Directora de Desarrollo Familiar y Voluntariado, Sonia Castilla Trevi\u00f1o, asegur\u00f3 que una de las prioridades del Gobernador Alejandro  Moreno C\u00e1rdenas es continuar trabajando para que las ni\u00f1as y ni\u00f1os de todos los municipios tengan las mismas oportunidades.<\/p>\n<p>Ante ellos, felicit\u00f3 a los maestros por el compromiso e inter\u00e9s de prepararlos para que se conviertan en profesionales, para el progreso de sus familias y de Campeche.<\/p>\n<p>En el primer punto, se visit\u00f3 a los 368 alumnos de la escuela primaria \u201cBenito Ju\u00e1rez\u201d turno matutino, donde la Directora del plantel, Mar\u00eda Cristina Mart\u00ednez, a nombre de los estudiantes y de los padres de familia agradeci\u00f3 la presencia de las autoridades y la entrega de un kit deportivo que servir\u00e1 para que los ni\u00f1os realicen activaci\u00f3n f\u00edsica.<\/p>\n<p>Posteriormente, se visit\u00f3 la escuela primaria \u201cDr. H\u00e9ctor P\u00e9rez Mart\u00ednez\u201d, donde fueron recibidos por 347 ni\u00f1os y ni\u00f1as, as\u00ed como por el director del plantel, Rom\u00e1n Vargas Pacab, quien agradeci\u00f3 el kit deportivo porque permitir\u00e1 a los alumnos realizar ejercicios.<\/p>\n","protected":false},"excerpt":{"rendered":"<p>Lleva  juguetes a las ni\u00f1as y ni\u00f1os y enseres a las madres de familia de Candelaria.<\/p>\n","protected":false},"author":1018,"featured_media":0,"comment_status":"open","ping_status":"open","sticky":false,"template":"","format":"standard","meta":{"tdm_status":"","tdm_grid_status":"","footnotes":""},"categories":[27],"tags":[],"_links":{"self":[{"href":"https:\/\/dralvarez.com.mx\/larevista\/wp-json\/wp\/v2\/posts\/63121"}],"collection":[{"href":"https:\/\/dralvarez.com.mx\/larevista\/wp-json\/wp\/v2\/posts"}],"about":[{"href":"https:\/\/dralvarez.com.mx\/larevista\/wp-json\/wp\/v2\/types\/post"}],"author":[{"embeddable":true,"href":"https:\/\/dralvarez.com.mx\/larevista\/wp-json\/wp\/v2\/users\/1018"}],"replies":[{"embeddable":true,"href":"https:\/\/dralvarez.com.mx\/larevista\/wp-json\/wp\/v2\/comments?post=63121"}],"version-history":[{"count":0,"href":"https:\/\/dralvarez.com.mx\/larevista\/wp-json\/wp\/v2\/posts\/63121\/revisions"}],"wp:attachment":[{"href":"https:\/\/dralvarez.com.mx\/larevista\/wp-json\/wp\/v2\/media?parent=63121"}],"wp:term":[{"taxonomy":"category","embeddable":true,"href":"https:\/\/dralvarez.com.mx\/larevista\/wp-json\/wp\/v2\/categories?post=63121"},{"taxonomy":"post_tag","embeddable":true,"href":"https:\/\/dralvarez.com.mx\/larevista\/wp-json\/wp\/v2\/tags?post=63121"}],"curies":[{"name":"wp","href":"https:\/\/api.w.org\/{rel}","templated":true}]}}