{"id":63120,"date":"2018-03-12T00:00:00","date_gmt":"2018-03-12T06:00:00","guid":{"rendered":"https:\/\/dralvarez.com.mx\/larevista\/blog\/trabajos-de-bacheo-en-el-fraccionamiento-lindavista-22874"},"modified":"2018-03-12T00:00:00","modified_gmt":"2018-03-12T06:00:00","slug":"trabajos-de-bacheo-en-el-fraccionamiento-lindavista-22874","status":"publish","type":"post","link":"https:\/\/dralvarez.com.mx\/larevista\/compeche\/trabajos-de-bacheo-en-el-fraccionamiento-lindavista-22874","title":{"rendered":"Trabajos de bacheo en el Fraccionamiento Lindavista"},"content":{"rendered":"<p>Al iniciar la semana laboral, la Unidad de Obras P\u00fablicas del Ayuntamiento de Campeche continu\u00f3 aplicando el Programa de Bacheo, en esta ocasi\u00f3n se atendi\u00f3 la calle Lindavista entre avenida L\u00e1zaro C\u00e1rdenas y calle Azucenas del fraccionamiento Lindavista, donde se repararon las afectaciones y se dej\u00f3 en mejores condiciones para el tr\u00e1nsito.<\/p>\n<p><\/p>\n","protected":false},"excerpt":{"rendered":"<p>La Unidad de Obras P\u00fablicas del Ayuntamiento de Campeche continu\u00f3 aplicando el Programa de Bacheo.<\/p>\n","protected":false},"author":1018,"featured_media":0,"comment_status":"open","ping_status":"open","sticky":false,"template":"","format":"standard","meta":{"tdm_status":"","tdm_grid_status":"","footnotes":""},"categories":[27],"tags":[],"_links":{"self":[{"href":"https:\/\/dralvarez.com.mx\/larevista\/wp-json\/wp\/v2\/posts\/63120"}],"collection":[{"href":"https:\/\/dralvarez.com.mx\/larevista\/wp-json\/wp\/v2\/posts"}],"about":[{"href":"https:\/\/dralvarez.com.mx\/larevista\/wp-json\/wp\/v2\/types\/post"}],"author":[{"embeddable":true,"href":"https:\/\/dralvarez.com.mx\/larevista\/wp-json\/wp\/v2\/users\/1018"}],"replies":[{"embeddable":true,"href":"https:\/\/dralvarez.com.mx\/larevista\/wp-json\/wp\/v2\/comments?post=63120"}],"version-history":[{"count":0,"href":"https:\/\/dralvarez.com.mx\/larevista\/wp-json\/wp\/v2\/posts\/63120\/revisions"}],"wp:attachment":[{"href":"https:\/\/dralvarez.com.mx\/larevista\/wp-json\/wp\/v2\/media?parent=63120"}],"wp:term":[{"taxonomy":"category","embeddable":true,"href":"https:\/\/dralvarez.com.mx\/larevista\/wp-json\/wp\/v2\/categories?post=63120"},{"taxonomy":"post_tag","embeddable":true,"href":"https:\/\/dralvarez.com.mx\/larevista\/wp-json\/wp\/v2\/tags?post=63120"}],"curies":[{"name":"wp","href":"https:\/\/api.w.org\/{rel}","templated":true}]}}