{"id":63067,"date":"2018-03-09T00:00:00","date_gmt":"2018-03-09T06:00:00","guid":{"rendered":"https:\/\/dralvarez.com.mx\/larevista\/blog\/ayuntamiento-de-campeche-22820"},"modified":"2018-03-09T00:00:00","modified_gmt":"2018-03-09T06:00:00","slug":"ayuntamiento-de-campeche-22820","status":"publish","type":"post","link":"https:\/\/dralvarez.com.mx\/larevista\/compeche\/ayuntamiento-de-campeche-22820","title":{"rendered":"Ayuntamiento de Campeche"},"content":{"rendered":"<p>El Primer Edil recorri\u00f3 las instalaciones <br \/>constatando avances en diversas acciones <\/p>\n<p>El Sistema Municipal de Agua Potable y Alcantarillado de Campeche cumple 25 a\u00f1os de operaci\u00f3n y quienes tienen la responsabilidad de administrarlo lo hace con un gran esfuerzo por mejorar el organismo y dejar a futuras administraciones un sistema mucho m\u00e1s moderno, operativo y eficiente, afirm\u00f3 el alcalde Edgar Hern\u00e1ndez Hern\u00e1ndez, al presidir el Homenaje C\u00edvico y entrega de Reconocimientos a personal del Smapac.<\/p>\n<p>En las instalaciones del Sistema Municipal de Agua Potable, acompa\u00f1ado del titular Miguel \u00c1ngel Garc\u00eda Escalante; del ex alcalde y fundador del organismo, Gabriel Escalante Castillo, quien adem\u00e1s fue el representante personal del Gobernador Alejandro Moreno C\u00e1rdenas; del primer Director del mismo, Edgar Curmina Rodr\u00edguez, as\u00ed como de la Presidenta del DIF Municipal, Enna Ortiz de Hern\u00e1ndez, Regidores y S\u00edndicos, el Alcalde de Campeche felicit\u00f3 al personal del Smapac por los primeros 25 a\u00f1os de vida de la instituci\u00f3n.<\/p>\n<p>Hern\u00e1ndez Hern\u00e1ndez se\u00f1al\u00f3 en su mensaje que el agua es un recurso vital que promueve el bienestar de las familias. Es el gran motor de vida y desarrollo. \u201cA trav\u00e9s del Sistema Municipal, trabajamos para administrar y gestionar nuestras aguas en forma sostenida, sustentable y responsable, para atender el crecimiento demogr\u00e1fico de nuestra Ciudad Capital\u201d.<\/p>\n<p>Destac\u00f3 que su administraci\u00f3n ha puesto especial empe\u00f1o en favorecer la gesti\u00f3n integrada y sustentable del agua a trav\u00e9s del Smapac, \u201cen estos dos a\u00f1os, hemos reducido la morosidad de los usuarios y se va entendiendo que llevar el agua potable a cada colonia, a cada barrio, a cada casa, tiene un alto costo de operaci\u00f3n, mantenimiento y renovaci\u00f3n de la infraestructura hidr\u00e1ulica de la ciudad\u201d.<\/p>\n<p>Reconoci\u00f3 los avances y tambi\u00e9n dijo que hace falta avanzar m\u00e1s en el tema de la reducci\u00f3n de la morosidad, por ello se trabaja en medidas que faciliten a los usuarios el pago oportuno del servicio, como la instalaci\u00f3n del cajero autom\u00e1tico en Plaza Galer\u00edas para que los ciudadanos no tengan que desplazarse hasta las oficinas del organismo.<\/p>\n<p>Por su parte, el titular del Smapac, Miguel Garc\u00eda Escalante, se\u00f1al\u00f3 que al cierre del ejercicio fiscal 2017 se continu\u00f3 con el saneamiento financiero del organismo operador reduciendo en un 12 por ciento las cifras de los pasivos registrados, lo que representa una disminuci\u00f3n de m\u00e1s de 3 millones de pesos; y se ha incrementado la recaudaci\u00f3n del derecho por la prestaci\u00f3n del servicio de agua en un 39 por ciento en comparaci\u00f3n con el ejercicio fiscal 2016, lo que representa un incremento de m\u00e1s de 23 millones de pesos.<\/p>\n<p>Agreg\u00f3 que se han aplicado criterios de austeridad y manejo eficiente de los recursos p\u00fablicos para mantener un equilibrio adecuado en el gasto corriente, lo que ha permitido generar una estabilidad presupuestal para la toma de decisiones  para el bienestar de la entidad.<\/p>\n<p>\u201cDurante el 2017 se lograron atender a m\u00e1s de 59 mil usuarios, de los cuales m\u00e1s de 40 mil realizaron alg\u00fan pago en las cajas del organismo, es decir, el 70% de los usuarios que visitan el organismo pagan alg\u00fan derecho o servicio. Todos estos logros han fortalecido las capacidades del organismo operador, posicion\u00e1ndolo como uno de los mejores del Estado de Campeche\u201d, abund\u00f3.<\/p>\n<p>La lectura de las efem\u00e9rides la realiz\u00f3 Elvia Alicia Montejo Gonz\u00e1lez; tambi\u00e9n se proyect\u00f3 un video alusivo a los 25 a\u00f1os del Smapac, con testimonios del ex alcalde Gabriel Escalante Castillo, el primer director Edgar Curmina Rodr\u00edguez, ex directores y personal del Sistema.<\/p>\n<p>En el acto se hizo entrega de reconocimientos a personal del Smapac, por 40 a\u00f1os de servicio, Jos\u00e9 del Carmen Quen Yes; por 30 a\u00f1os, Francisco Armando L\u00f3pez Alonzo; por 25, Rosa Mar\u00eda Flores Estrada; por 20, Juan Carlos Centuri\u00f3n Guti\u00e9rrez; por 15, Rub\u00ed Barrientos Dom\u00ednguez, y por 10, Antonio Cruz Garc\u00eda Jos\u00e9.<\/p>\n","protected":false},"excerpt":{"rendered":"<p>Edgar Hern\u00e1ndez encabeza conmemoraci\u00f3n<br \/>\npor los primeros 25 a\u00f1os del Smapac<\/p>\n","protected":false},"author":1018,"featured_media":0,"comment_status":"open","ping_status":"open","sticky":false,"template":"","format":"standard","meta":{"tdm_status":"","tdm_grid_status":"","footnotes":""},"categories":[27],"tags":[],"_links":{"self":[{"href":"https:\/\/dralvarez.com.mx\/larevista\/wp-json\/wp\/v2\/posts\/63067"}],"collection":[{"href":"https:\/\/dralvarez.com.mx\/larevista\/wp-json\/wp\/v2\/posts"}],"about":[{"href":"https:\/\/dralvarez.com.mx\/larevista\/wp-json\/wp\/v2\/types\/post"}],"author":[{"embeddable":true,"href":"https:\/\/dralvarez.com.mx\/larevista\/wp-json\/wp\/v2\/users\/1018"}],"replies":[{"embeddable":true,"href":"https:\/\/dralvarez.com.mx\/larevista\/wp-json\/wp\/v2\/comments?post=63067"}],"version-history":[{"count":0,"href":"https:\/\/dralvarez.com.mx\/larevista\/wp-json\/wp\/v2\/posts\/63067\/revisions"}],"wp:attachment":[{"href":"https:\/\/dralvarez.com.mx\/larevista\/wp-json\/wp\/v2\/media?parent=63067"}],"wp:term":[{"taxonomy":"category","embeddable":true,"href":"https:\/\/dralvarez.com.mx\/larevista\/wp-json\/wp\/v2\/categories?post=63067"},{"taxonomy":"post_tag","embeddable":true,"href":"https:\/\/dralvarez.com.mx\/larevista\/wp-json\/wp\/v2\/tags?post=63067"}],"curies":[{"name":"wp","href":"https:\/\/api.w.org\/{rel}","templated":true}]}}