{"id":63066,"date":"2018-03-09T00:00:00","date_gmt":"2018-03-09T06:00:00","guid":{"rendered":"https:\/\/dralvarez.com.mx\/larevista\/blog\/campeche-ofrece-grandes-oportunidades-para-hacer-negocios-moreno-cardenas-22819"},"modified":"2018-03-09T00:00:00","modified_gmt":"2018-03-09T06:00:00","slug":"campeche-ofrece-grandes-oportunidades-para-hacer-negocios-moreno-cardenas-22819","status":"publish","type":"post","link":"https:\/\/dralvarez.com.mx\/larevista\/compeche\/campeche-ofrece-grandes-oportunidades-para-hacer-negocios-moreno-cardenas-22819","title":{"rendered":"Campeche ofrece grandes oportunidades para hacer negocios: Moreno C\u00e1rdenas"},"content":{"rendered":"<p>GOBIERNO DE CAMPECHE&nbsp;<\/p>\n<p>\u201cSomos un estado amigo que tiene muchas ganas de salir adelante y ofrece grandes oportunidades para hacer negocios\u201d, sostuvo el gobernador Alejandro Moreno C\u00e1rdenas al encabezar, ante unos 300 empresarios nacionales y extranjeros, la cena de gala que Campeche ofreci\u00f3 como entidad invitada a la edici\u00f3n 35 de la Expo ANTAD &amp; Alimentaria M\u00e9xico 2018, donde por primera vez 24 empresas locales exponen sus productos con miras a concretar negocios de proveedur\u00eda con grandes cadenas comerciales.<\/p>\n<p>Tras un recorrido por el stand de Campeche que realiz\u00f3 acompa\u00f1ado del secretario de Desarrollo Econ\u00f3mico, Jos\u00e9 Domingo Berzunza Esp\u00ednola, Moreno C\u00e1rdenas asever\u00f3 que el abanico de crecimiento y desarrollo se abrir\u00e1n a\u00fan m\u00e1s para la entidad, pues en las pr\u00f3ximas semanas ser\u00e1 declarado Zona Econ\u00f3mica Especial y en sus dos pol\u00edgonos \u2013Seybaplaya y Ciudad del Carmen\u2013 se ofrecer\u00e1n grandes incentivos a la inversi\u00f3n privada.<\/p>\n<p>\u201cLos empresarios y el gobierno necesitan trabajar juntos para generar mejores oportunidades de crecimiento y bienestar de vida a las familias; el compromiso debe ser trabajar en equipo para avanzar\u201d, asever\u00f3 el mandatario durante el encuentro donde estuvo acompa\u00f1ado del presidente ejecutivo de la Asociaci\u00f3n Nacional de Tiendas de Autoservicio y Departamentales (ANTAD), Vicente Y\u00e1\u00f1ez.<\/p>\n<p>Reconoci\u00f3 en la ANTAD a una gran organizaci\u00f3n integrada por mujeres y hombres comprometidos con el pa\u00eds, pues son quienes generan oportunidades de empleo y contribuyen a que las familias tengan una mejor calidad de vida.<\/p>\n<p>Destac\u00f3 las grandes ventajas que ofrece Campeche por ser el estado m\u00e1s seguro del pa\u00eds, tener ubicaci\u00f3n geogr\u00e1fica estrat\u00e9gica y moderna infraestructura de comunicaciones terrestre, mar\u00edtima y a\u00e9rea, importante para consolidar su crecimiento econ\u00f3mico.<\/p>\n<p>Asimismo, enfatiz\u00f3 que despu\u00e9s de dos a\u00f1os de gesti\u00f3n y trabajo para diversificar la econom\u00eda, por primera vez Campeche est\u00e1 presente en esta importante feria que re\u00fane a prestigiadas cadenas nacionales y extranjeras interesadas en hacer negocios.<\/p>\n<p>\u201cEs el momento y la hora de trabajar juntos y en equipo, pues vienen tiempos importantes para el pa\u00eds y el sector empresarial jugar\u00e1 un papel valioso; hay que pensar en M\u00e9xico, en la paz y la tranquilidad del pa\u00eds\u201d, remarc\u00f3 el titular del Ejecutivo estatal.<\/p>\n<p>El marco de la Expo ANTAD 2018, Moreno C\u00e1rdenas se reuni\u00f3 con el director general de la empresa Baja Ferris, Daniel Ruano Baqueiro, empresa mexicana dedicada al transporte mar\u00edtimo, interesado en invertir en el estado en el rubro tur\u00edstico.<\/p>\n<p>Tambi\u00e9n, sostuvo pl\u00e1ticas con el due\u00f1o y copresidente de la cadena comercial estadounidense Northgate Market, Miguel Gonz\u00e1lez Reynoso, integrada por 30 tiendas localizadas en los condados de Los \u00c1ngeles, Orange y San Diego, ante el inter\u00e9s de la empresa de integrar en sus anaqueles productos de calidad del sureste del pa\u00eds y las oportunidades de inversi\u00f3n que brinda el estado.<\/p>\n<p>Por otra parte, se reuni\u00f3 con el director general de \u201cTiendas Six\u201d, Javier Cant\u00fa G\u00f3mez, quien plante\u00f3 al mandatario su inter\u00e9s de expandir los puntos de venta en el estado, generando m\u00e1s empleos formales y facilitar la entrada de productos campechanos a su cadena comercial, una de las m\u00e1s importantes del pa\u00eds con m\u00e1s de mil 600 tiendas de autoservicio.<\/p>\n<p>A su llegada a la Expo, Moreno C\u00e1rdenas visit\u00f3 el pabell\u00f3n Campeche en el que empresarios locales exhiben sus marcas comerciales de frituras, repelentes, chocolate de mesa, miel, productos del mar, cochinita pibil empacada al vac\u00edo, salsa habanero, galletas, te, quesos, stevia y dulces, entre otras.<\/p>\n<p>Durante la cena de gala Campeche comparti\u00f3 su cultura, gastronom\u00eda y folkclore. Se calcula que a la Expo Antad 2018 que concluy\u00f3 el jueves asistieron m\u00e1s de mil 900 empresas expositoras entre proveedores, industriales de M\u00e9xico y el mundo.<\/p>\n","protected":false},"excerpt":{"rendered":"<p>Gobernador AMC participa en la Expo ANTAD 2018 en Guadalajara<\/p>\n","protected":false},"author":1018,"featured_media":0,"comment_status":"open","ping_status":"open","sticky":false,"template":"","format":"standard","meta":{"tdm_status":"","tdm_grid_status":"","footnotes":""},"categories":[27],"tags":[],"_links":{"self":[{"href":"https:\/\/dralvarez.com.mx\/larevista\/wp-json\/wp\/v2\/posts\/63066"}],"collection":[{"href":"https:\/\/dralvarez.com.mx\/larevista\/wp-json\/wp\/v2\/posts"}],"about":[{"href":"https:\/\/dralvarez.com.mx\/larevista\/wp-json\/wp\/v2\/types\/post"}],"author":[{"embeddable":true,"href":"https:\/\/dralvarez.com.mx\/larevista\/wp-json\/wp\/v2\/users\/1018"}],"replies":[{"embeddable":true,"href":"https:\/\/dralvarez.com.mx\/larevista\/wp-json\/wp\/v2\/comments?post=63066"}],"version-history":[{"count":0,"href":"https:\/\/dralvarez.com.mx\/larevista\/wp-json\/wp\/v2\/posts\/63066\/revisions"}],"wp:attachment":[{"href":"https:\/\/dralvarez.com.mx\/larevista\/wp-json\/wp\/v2\/media?parent=63066"}],"wp:term":[{"taxonomy":"category","embeddable":true,"href":"https:\/\/dralvarez.com.mx\/larevista\/wp-json\/wp\/v2\/categories?post=63066"},{"taxonomy":"post_tag","embeddable":true,"href":"https:\/\/dralvarez.com.mx\/larevista\/wp-json\/wp\/v2\/tags?post=63066"}],"curies":[{"name":"wp","href":"https:\/\/api.w.org\/{rel}","templated":true}]}}