{"id":63049,"date":"2018-03-09T00:00:00","date_gmt":"2018-03-09T06:00:00","guid":{"rendered":"https:\/\/dralvarez.com.mx\/larevista\/blog\/director-general-de-pemex-clausura-los-trabajos-del-7o-congreso-de-servicios-de-salud-22801"},"modified":"2018-03-09T00:00:00","modified_gmt":"2018-03-09T06:00:00","slug":"director-general-de-pemex-clausura-los-trabajos-del-7o-congreso-de-servicios-de-salud-22801","status":"publish","type":"post","link":"https:\/\/dralvarez.com.mx\/larevista\/compeche\/director-general-de-pemex-clausura-los-trabajos-del-7o-congreso-de-servicios-de-salud-22801","title":{"rendered":"Director General de PEMEX clausura los trabajos del 7\u00ba Congreso de Servicios de Salud"},"content":{"rendered":"<\/p>\n<p>En<br \/>\npresencia del gobernador Alejandro Moreno C\u00e1rdenas, el director general de<br \/>\nPemex, Carlos Alberto Trevi\u00f1o Medina clausur\u00f3 los trabajos del S\u00e9ptimo Congreso<br \/>\nInternacional de Salud de Petr\u00f3leos Mexicanos, donde cerca de 800 trabajadores de<br \/>\nla empresa -durante cuatro d\u00edas- participaron en siete conferencias<br \/>\nmagistrales, 18 simposium y 16 talleres para enriquecer sus conocimientos y<br \/>\nmanterner a la petrolera a la vanguardia en la atenci\u00f3n m\u00e9dica.<\/p>\n<p>Durante<br \/>\nsu intervenci\u00f3n, el funcionario federal destac\u00f3 que Pemex busca la mayor calidad<br \/>\n\u00e9tica e impulsa el desarrollo cient\u00edfico y tecnol\u00f3gico para consolidarse como<br \/>\nuna empresa mundial y respaldar el crecimiento del pa\u00eds.<\/p>\n<p>\u201cM\u00e9xico<br \/>\nest\u00e1 en un momento muy importante de su historia y tenemos que buscar que siga<br \/>\ncreciendo en la ruta hacia el desarrollo\u201d, precis\u00f3.<\/p>\n<p>Asegur\u00f3<br \/>\nque Pemex se est\u00e1 desempe\u00f1ando de manera muy exitosa en el nuevo ambiente que ha<br \/>\ncreado la reforma energ\u00e9tica, por lo que consider\u00f3 que seguir\u00e1 desempe\u00f1\u00e1ndose<br \/>\ncomo la empresa m\u00e1s importante del pa\u00eds y marcando pauta en el sector<br \/>\nenerg\u00e9tico a nivel mundial.<\/p>\n<p>Coment\u00f3<br \/>\nque la compa\u00f1\u00eda sigue avanzando en materia de productividad, haciendo alianzas<br \/>\nno s\u00f3lo en el sector petrolero, sino con las diferentes instituciones de salud<br \/>\nen M\u00e9xico y otras partes del mundo; continua buscando socios y desarroll\u00e1ndose<br \/>\ncon esquemas de rentabilidad y mucha competitividad.<\/p>\n<p>Trevi\u00f1o<br \/>\nMedina aprovech\u00f3 a felicitar a todas las mujeres que conforman el sector m\u00e9dico<br \/>\nde Pemex, en el marco del D\u00cda Internacional de la Mujer, resaltando que el<br \/>\ncuerpo de enfermer\u00eda y de doctores est\u00e1 integrado por mujeres en 80 y 60 por<br \/>\nciento, respectivamente, lo que significa que ha avanzado en el tema de<br \/>\nequidad.<\/p>\n<p>Por su<br \/>\nparte, el subdirector de Servicios de Salud de Pemex, Marco Antonio Navarrete<br \/>\nPrida, resalt\u00f3 que el equipo de salud de la empresa est\u00e1 compuesto por personal<br \/>\naltamente capacitado que basa sus objetivos en la disciplina y la equidad, con<br \/>\nuna visi\u00f3n totalmente futurista e innovadora para brindar atenci\u00f3n de calidad.<\/p>\n<p>En el uso<br \/>\nde la palabra, el director corporativo de Administraci\u00f3n y Servicios de Pemex,<br \/>\nMarco Antonio Murillo Soberanis, enfatiz\u00f3 que el Congreso abona al mejoramiento<br \/>\nde los servicios m\u00e9dicos, mostrando el inter\u00e9s<br \/>\nde la empresa por innovar y estar siempre a la vanguardia en la atenci\u00f3n<br \/>\nm\u00e9dica. <\/p>\n<p>Posteriormente,<br \/>\nel gobernador Moreno C\u00e1rdenas y el director general de Pemex, entregaron<br \/>\nreconocimientos al primer, segundo y tercer lugar del concurso denominado \u201cTrabajos<br \/>\nlibres 2018\u201d, donde 60 m\u00e9dicos presentaron diversas investigaciones m\u00e9dicas; as\u00ed<br \/>\ncomo certificaciones del Consejo de Salubridad General a siete m\u00e9dicos<br \/>\nespecialistas de Pemex.<\/p>\n<p>En el Congreso que tuvo<br \/>\ncomo lema \u201cContamos contigo, tu salud es la energ\u00eda que nos mueve\u201d, se cont\u00f3<br \/>\ncon la participaci\u00f3n de m\u00e1s de 150 ponentes nacionales e internacionales que<br \/>\nexpusieron los temas siguientes: \u201cLos retos actuales en la salud p\u00fablica\u201d,<br \/>\n\u201cVigilancia epidemiol\u00f3gica hospitalaria\u201d, \u201cEl canibalismo m\u00e9dico\u201d, \u201cEconom\u00eda de<br \/>\nla salud\u201d, \u201cHumanismo en la atenci\u00f3n del paciente\u201d y \u201cFactores de riesgo psicosocial<br \/>\nen el trabajo\u201d, entre otros.<\/p>\n<p>En<br \/>\nel evento estuvieron presentes los secretarios de Salud y de Desarrollo<br \/>\nEnerg\u00e9tico Sustentable, Rafael Rodr\u00edguez Cabrera y Eduardo Reyes S\u00e1nchez,<br \/>\nrespectivamente; el secretario del Ayuntamiento de Campeche, Jes\u00fas Qui\u00f1ones<br \/>\nLoeza y el rector de la UAC, Gerardo Montero P\u00e9rez.<\/p>\n<p><b>Palabras<br \/>\ndel Gobernador del Estado, Alejandro Moreno C\u00e1rdenas<\/b>&nbsp;<\/p>\n<p>Muy buenas tardes, chavas y chavos que hoy est\u00e1n aqu\u00ed con nosotros. Quiero aprovechar este momento y esta oportunidad de poder compartir con ustedes no un discurso, un mensaje claro de lo que creo y de lo que estoy convencido de que podemos hacer los j\u00f3venes en este pa\u00eds y en este Estado. Primero, saludo con afecto y con aprecio a quienes nos acompa\u00f1an hoy en el pres\u00eddium, a todos los directores, directoras; al presidente municipal de Champot\u00f3n, de Calakmul; a Adlemi; a los representantes de los Poderes Legislativo y Judicial; a todas las maestras, maestros y a todas y a todos ustedes.<\/p>\n<p>Primero, quiero iniciar dici\u00e9ndoles que tuve la oportunidad de llegar aqu\u00ed, a Xbacab, y de poder llegar este plantel, aqu\u00ed en el Cobacam, y compartir y expresarles unas palabras en dos, en tres salones de clase. Y poderles decir lo que pienso no s\u00f3lo como Gobernador sino como joven que est\u00e1 comprometido y tiene claro que s\u00f3lo trabajando en equipo todos los que estamos aqu\u00ed, vamos a poder lograr las grandes metas que nos ponemos por delante los campechanos. Por eso es muy importante que est\u00e9n todas y todos ustedes aqu\u00ed, convencidos, comprometidos, con un gran \u00e1nimo; y yo quiero iniciar comparti\u00e9ndoles a todos ustedes que siempre el esfuerzo, el compromiso, el trabajo, la decisi\u00f3n y la voluntad, tienen buenas recompensas. Todos los que est\u00e1n aqu\u00ed son mujeres y hombres comprometidos con el trabajo, con la dedicaci\u00f3n, con la preparaci\u00f3n y con la capacitaci\u00f3n.<\/p>\n<p>Al inicio de mi gobierno enfrentamos grandes retos en el sector educativo, enfrentamos grandes retos porque hoy la tecnolog\u00eda ha alcanzado a nuestra generaci\u00f3n\u2026 Hace muchos a\u00f1os, d\u00e9cadas, iniciamos con la lectura\u2026 Lectores, radioescuchas, televidentes y hoy, cibernautas. Hoy, la tecnolog\u00eda ha llegado para quedarse, cada d\u00eda avanza a pasos agigantados y los j\u00f3venes que estamos aqu\u00ed, todas nuestras generaciones de campechanos, deben de estar preparados, capacitados para poder insertarse en este modelo de desarrollo que es el desarrollo tecnol\u00f3gico.<\/p>\n<p>Pero tambi\u00e9n, para que los j\u00f3venes, para que todos los j\u00f3venes de nuestro Estado tengan las mismas oportunidades, tenemos que brindarles las mismas herramientas, dotarlos de infraestructura, dotarlos de equipamiento, tener buenas aulas, tener buenos centros educativos. Y eso s\u00f3lo se logra trabajando juntos, trabajando en equipo y estando comprometidos, todos, en que, uno, primero tenemos que cuidar las aulas, tenemos que cuidar nuestro equipamiento y debemos de trabajar juntos y en equipo con las maestras y los maestros que est\u00e1n en nuestros planteles.<\/p>\n<p>Por ello, quiero compartirles que esta entrega de equipamiento en los 37 planteles del Cobacam es una gesti\u00f3n importante, es una gesti\u00f3n de recursos que se aplican con eficiencia, con eficacia, para que nuestros j\u00f3venes, las maestras y los maestros, tengan m\u00e1s y mejores oportunidades. Aqu\u00ed, todos y cada uno de ustedes son inteligentes, piensan, razonan, aprenden todos los d\u00edas y tienen claro que s\u00f3lo logrando las m\u00e1s grandes metas, vamos a tener un mejor horizonte y un mejor destino.<\/p>\n<p>Siempre lo he dicho, toda mi vida lo he dicho, los campechanos, todos los campechanos de todos los municipios y de todas las comunidades, no estamos hechos para alcanzar metas peque\u00f1as. Los campechanos estamos hechos para alcanzar las m\u00e1s grandes metas que nos pongamos por delante. Y por ello, cuando llegu\u00e9 de Gobernador el gran reto era brindarles m\u00e1s oportunidades a nuestros j\u00f3venes, a los miles de j\u00f3venes como ustedes que lo \u00fanico que quieren es una oportunidad. Y siempre, mientras un gobierno sea evaluable, auditable y medible, podemos ver los resultados que le damos a nuestra gente. Siempre he dicho que cuando uno quiere, puede; y ese \u00e1nimo y esa voluntad est\u00e1n en nosotros.<\/p>\n<p>En el Cobacam\u2026 Les voy a poner un ejemplo\u2026 Cuando llegu\u00e9 de Gobernador en los planteles Cobacam se entregaban, al a\u00f1o, aqu\u00ed est\u00e1 la directora Adlemi Santiago; se entregaban, al a\u00f1o, tres computadoras por centro o por plantel educativo, tres. Al haber 37 planteles se entregaban, en promedio, poco m\u00e1s de 100 computadoras\u2026 F\u00edjense ustedes el salto hist\u00f3rico que hemos dado y el compromiso de mi gobierno, del gobierno de su amigo Alejandro Moreno por apoyar a los j\u00f3venes\u2026 Hoy se entregaban 111 computadoras al a\u00f1o, tan s\u00f3lo este a\u00f1o, con el respaldo, con el trabajo y con el compromiso decidido del mejor amigo y del mejor aliado de Campeche que es el Presidente de la Rep\u00fablica, Enrique Pe\u00f1a Nieto, pr\u00e1cticamente este a\u00f1o, para los planteles del Cobacam, estaremos entregando 5 mil Chromebooks para los j\u00f3venes de los distintos planteles en todo el Estado de Campeche, para los alumnos solamente del Cobacam.<\/p>\n<p>Y por ello, quiero hacer un anuncio aqu\u00ed con ustedes, porque aqu\u00ed est\u00e1n j\u00f3venes comprometidos y preparados\u2026 Tenemos que comenzar por etapas y fuimos construyendo la entrega, en diferentes etapas y en diferentes planteles de los 37 que hay, pero es un compromiso, es mi palabra y en la segunda etapa, que es el pr\u00f3ximo ciclo escolar, aqu\u00ed, en Xbacab y en Champot\u00f3n, el 100% de los j\u00f3venes va a tener y va a recibir una Chromebook, todos, para que sea para prepararse, para capacitarse y para que puedan aprender. Y eso es lo que hoy tenemos que trabajar\u2026 Y tambi\u00e9n les quiero decir que pensamos en todo porque es una buena oportunidad.<\/p>\n<p>Para los que est\u00e1n en el tercer a\u00f1o y van a egresar, tambi\u00e9n tenemos programas, las computablets para el nivel medio superior y superior. Hoy les quiero decir porque los j\u00f3venes de aqu\u00ed son nuestra generaci\u00f3n y eso es lo que tenemos que ver, los buenos cambios, los cambios hacia adelante, pensar no s\u00f3lo en el futuro, construir nuestro presente para tener m\u00e1s y mejores oportunidades. Tambi\u00e9n, en esos programas, para que tengan clara la dimensi\u00f3n de la gesti\u00f3n que hemos hecho y el compromiso con nuestra gente, pr\u00e1cticamente, el pr\u00f3ximo a\u00f1o, con la entrega de las Chromebooks y los programas que tiene el Gobierno del Estado en computadoras y en computablets, pr\u00e1cticamente el 100%, el 100% de los j\u00f3venes estudiantes del nivel medio superior van a tener una computadora.<\/p>\n<p>Y eso es un logro hist\u00f3rico para los campechanos porque eso no hubiera sido posible si no trabajamos juntos y trabajamos en equipo. Y tambi\u00e9n pusimos en marcha el servicio de transporte escolar, por una raz\u00f3n, tenemos que ir por etapas, poco a poco, y creciendo el programa que beneficia a las ni\u00f1as, a los ni\u00f1os y a los j\u00f3venes de todo el Estado. Ustedes lo saben, muchas veces, cuando a un ni\u00f1o, a una ni\u00f1a o a un joven se le da una beca y se les daba en una tarjeta, muchas veces ese recurso, por necesidad, los padres lo ocupaban para otra cosa. Porque hay muchas necesidades en las familias campechanas que tenemos que resolver y muchas veces, al gastarse el dinero de la beca, esas ni\u00f1as, esos ni\u00f1os y esos j\u00f3venes ten\u00edan que irse caminando a la escuela porque no ten\u00edan para pagar el transporte escolar.<\/p>\n<p>Hoy les quiero decir que, en mi gobierno, pusimos en marcha la primera etapa de 100 autobuses de transporte escolar gratuito y hoy, en el Estado de Campeche, se transportan todos los d\u00edas m\u00e1s de 2 mil j\u00f3venes que hoy est\u00e1n llegando a sus centros educativos, ni\u00f1as y ni\u00f1os que llegan a sus centros educativos y que no les cuesta un solo peso. Seguiremos y continuaremos creciendo en cada ciclo escolar hasta que lleguemos a la totalidad y el transporte escolar gratuito est\u00e9 al servicio de todas las ni\u00f1as, de los ni\u00f1os y de los j\u00f3venes de todas las comunidades de nuestro Estado.<\/p>\n<p>Y se los comparto porque esa es la voluntad y la convicci\u00f3n que debemos de tener\u2026 Lo dijo muy bien aqu\u00ed la maestra Rosario, prudencia, voluntad, compromiso, paciencia y dedicaci\u00f3n. Eso es lo que necesitamos para preparar y construir a los mejores j\u00f3venes de nuestro Estado; y esa voluntad la veo en todos y cada uno de ustedes. Aqu\u00ed, con ustedes, quiero compartir que durante muchos a\u00f1os, se los compart\u00eda ahora a sus compa\u00f1eros en sus salones de clase, durante muchos a\u00f1os me prepar\u00e9 para ser Gobernador. A m\u00ed me cost\u00f3 much\u00edsimo trabajo llegar a ser Gobernador de Campeche.<\/p>\n<p>Tengo 42 a\u00f1os de edad, 27 a\u00f1os de trabajar por Campeche como diputado, como senador, muchas responsabilidades y hoy, como Gobernador. Y quiero decirles que me siento muy orgulloso de ser campechano, muy orgulloso de nuestra gente, muy orgullosos de su car\u00e1cter, de su voluntad; muy orgulloso de ustedes, de nuestros j\u00f3venes que son la generaci\u00f3n no s\u00f3lo del futuro, son la generaci\u00f3n del presente.<\/p>\n<p>Pero  nadie va a hacer nada por nosotros, nosotros tenemos que trabajar, prepararnos y capacitarnos; nadie nos va a regalar nada, depende de nuestro esfuerzo y de nuestro compromiso. Y les compart\u00eda hace unos minutos a sus compa\u00f1eros que yo tambi\u00e9n les dije, yo no tuve pap\u00e1 rico ni pap\u00e1 pol\u00edtico; a m\u00ed me cost\u00f3 much\u00edsimo trabajo llegar a ser Gobernador. Y aqu\u00ed, aqu\u00ed todos ustedes lo saben, todos ustedes se conocen\u2026 Hay miles de j\u00f3venes, miles de j\u00f3venes como ustedes que son hijos orgullosamente de ejidatarios, que son hijos orgullosamente de campesinos, que son hijos orgullosamente de mujeres y de hombres que trabajan en el servicio  dom\u00e9stico en otros hogares de campechanos.<\/p>\n<p>\u00bfY saben qu\u00e9? Quiero decirles que se sientan m\u00e1s orgullosos todav\u00eda de sus padres, porque gracias a ellos, gracias a su esfuerzo y gracias a su trabajo, ustedes van a ser profesionistas. \u00bfAs\u00ed que, desde aqu\u00ed, un reconocimiento a los pap\u00e1s y a las mam\u00e1s de todos y cada uno de ustedes! <\/p>\n<p>Y quiero terminar dici\u00e9ndoles que, hoy, los grandes retos y los grandes desaf\u00edos son para todos y cada uno de nosotros; y quiero compartirles algo muy importante, para construir un buen destino hay que ser responsable, hay que ser humilde, hay que ser trabajador y hay que ser perseverante. Y tambi\u00e9n, quiero decirlo p\u00fablicamente, como es, quiero hacerle un reconocimiento a quienes sin duda se convierten en nuestra familia y en la familia de ustedes, porque lo m\u00e1s importante para alguien cuando es padre de familia como un servidor, yo tengo tres hijos: Alejandro que tiene 18 a\u00f1os, Sebasti\u00e1n que tiene tres y Rafael que tiene cuatro.<\/p>\n<p>Y mis tres hijos, hoy, son lo m\u00e1s importante para m\u00ed\u2026 Mi familia, mi esposa, el Estado, pero hoy tenemos que reconocer a quienes sin duda se convierten en la segunda familia, porque lo m\u00e1s importante es cuidar a nuestra familia pero m\u00e1s importante tambi\u00e9n puede ser cuidar a los que no son hijos de nosotros. Y por eso, a todas las maestras, a todos los maestros, gracias por cuidar a estos muchachos, por orientarlos muy bien\u2026 y aqu\u00ed, a la maestra Estela, muchas gracias por estar con nosotros. Ese \u00e1nimo que hoy debemos de implementar es el \u00e1nimo de poder lograr las cosas que nos ponemos por delante.<\/p>\n<p>Y yo quiero decirles a todas y a todos ustedes\u2026 El otro d\u00eda me pregunt\u00f3 un joven, Jorge Carlos, en un plantel en Hecelchak\u00e1n, me pregunt\u00f3: Oiga, Gobernador, Alito como me dicen ellos\u2026 Oiga, Gobernador, me dijo, \u00bfCu\u00e1l es la clave del \u00e9xito? \u00bfD\u00edgame usted cu\u00e1l es la clave del \u00e9xito? Y le dije: Mira, si yo tuviera la clave del \u00e9xito tal cual, ya hubiera escrito un libro, me hubiera vuelto millonario y no ser\u00eda yo Gobernador\u2026 Pero que s\u00ed les puedo decir, les puedo decir cu\u00e1les son las bases para poder trabajar todos los d\u00edas y alcanzar nuestras metas: Seguridad, confianza, disciplina.<\/p>\n<p>Trabajar permanentemente todos los d\u00edas, trabajar con convicci\u00f3n y con firmeza como ustedes, con un gran esfuerzo y con un gran sacrificio. Por ello les digo a todos ustedes, si\u00e9ntanse muy orgullosos de d\u00f3nde vienen, si\u00e9ntanse muy orgullosos de su familia, si\u00e9ntanse muy orgullosos de sus amigos. Esta etapa de su vida es muy importante porque les platicaba hace un minuto, que a m\u00ed me toc\u00f3 muchas veces, al igual que a ustedes, escuchar a pol\u00edticos cuando iban a la escuela, escucharlos y decir y se los digo, yo soy muy franco y muy transparente\u2026 Dec\u00eda, \u00e9ste me est\u00e1 tirando un rollo ahorita y yo ya me tengo que ir a ver esto, a ver lo otro, y tambi\u00e9n lo pensaba.<\/p>\n<p>Y quiero decirles a todos ustedes, \u00bfsaben qu\u00e9? Vali\u00f3 la pena muchas veces porque cuando uno quiere, puede. Y hay que saber lo que uno quiere, y yo s\u00e9 que todos y cada uno de los que est\u00e1n aqu\u00ed, lo que quiere es tener \u00e9xito y salir adelante, es prepararse y demostrar que pudieron. Lo mejor es demostrarle a la comunidad donde vivimos, al municipio donde vivimos, al ejido donde vivimos, que pudimos y que hicieron la tarea. Hoy, por ello, los convoco, trabajemos juntos todos los d\u00edas.<\/p>\n<p>El gobierno de su amigo Alejandro Moreno es eso, un gobierno que trabaja cercano a la gente; un gobierno que le est\u00e1, todos los d\u00edas, dando y trabajando para gestionar m\u00e1s y mejores cosas. Y \u00c1ngel me comentaba, hace un momento, que quer\u00eda ser m\u00e9dico y yo le compart\u00eda, le dije, lo vas a lograr y vas a ser el mejor porque yo cuando estaba joven y le dec\u00eda a muchos pol\u00edticos m\u00e1s grandes que yo, y ten\u00eda yo su edad, les dec\u00eda: Yo voy a ser diputado\u2026<\/p>\n<p>\u00bfSaben qu\u00e9 me dec\u00edan todos? Se re\u00edan, no, c\u00f3mo crees, diputado este ni\u00f1o, \u00bfno?, y fui diputado\u2026 Y cuando les dec\u00eda, voy a ser diputado federal, se re\u00edan y lo fui\u2026 Y cuando les dije, voy a ser senador, se re\u00edan y fui el senador m\u00e1s joven en la historia de mi partido, 29 a\u00f1os cuando llegu\u00e9 al Senado. \u00bfY qu\u00e9 creen cuando les dije, a mi edad, yo voy a ser Gobernador? Dijeron, \u00a1Ah, \u00e9ste s\u00ed va a ser! Y llegu\u00e9 a ser Gobernador. Entonces, \u00bfqu\u00e9 es lo m\u00e1s importante? Trabajar juntos, trabajar en equipo, \u00bfeh? As\u00ed que \u00e9chenle ganas y \u00a1arriba el Cobacam! <\/p><\/p>\n","protected":false},"excerpt":{"rendered":"<p>Donde cerca de 800 trabajadores de la empresa participaron para mantener a la petrolera a la vanguardia en la atenci\u00f3n m\u00e9dica.<\/p>\n","protected":false},"author":1018,"featured_media":0,"comment_status":"open","ping_status":"open","sticky":false,"template":"","format":"standard","meta":{"tdm_status":"","tdm_grid_status":"","footnotes":""},"categories":[27],"tags":[],"_links":{"self":[{"href":"https:\/\/dralvarez.com.mx\/larevista\/wp-json\/wp\/v2\/posts\/63049"}],"collection":[{"href":"https:\/\/dralvarez.com.mx\/larevista\/wp-json\/wp\/v2\/posts"}],"about":[{"href":"https:\/\/dralvarez.com.mx\/larevista\/wp-json\/wp\/v2\/types\/post"}],"author":[{"embeddable":true,"href":"https:\/\/dralvarez.com.mx\/larevista\/wp-json\/wp\/v2\/users\/1018"}],"replies":[{"embeddable":true,"href":"https:\/\/dralvarez.com.mx\/larevista\/wp-json\/wp\/v2\/comments?post=63049"}],"version-history":[{"count":0,"href":"https:\/\/dralvarez.com.mx\/larevista\/wp-json\/wp\/v2\/posts\/63049\/revisions"}],"wp:attachment":[{"href":"https:\/\/dralvarez.com.mx\/larevista\/wp-json\/wp\/v2\/media?parent=63049"}],"wp:term":[{"taxonomy":"category","embeddable":true,"href":"https:\/\/dralvarez.com.mx\/larevista\/wp-json\/wp\/v2\/categories?post=63049"},{"taxonomy":"post_tag","embeddable":true,"href":"https:\/\/dralvarez.com.mx\/larevista\/wp-json\/wp\/v2\/tags?post=63049"}],"curies":[{"name":"wp","href":"https:\/\/api.w.org\/{rel}","templated":true}]}}